{"id":447,"date":"2023-09-17T15:34:46","date_gmt":"2023-09-17T18:34:46","guid":{"rendered":"http:\/\/arenarally.com.br\/arena\/?p=447"},"modified":"2023-09-17T15:36:01","modified_gmt":"2023-09-17T18:36:01","slug":"rally-serra-azul-movimenta-regiao-de-pardinho-e-releva-os-campeoes-de-2023","status":"publish","type":"post","link":"https:\/\/arenarally.com.br\/arena\/rally-serra-azul-movimenta-regiao-de-pardinho-e-releva-os-campeoes-de-2023\/","title":{"rendered":"Rally Serra Azul movimenta regi\u00e3o de Pardinho e releva os campe\u00f5es de 2023"},"content":{"rendered":"\n<p><em>Evento aos arredores do Rodoserv Stop, no interior paulista, foi v\u00e1lido pelo Campeonato Brasileiro de Rally Baja e teve disputas intensas em 370 quil\u00f4metros de percurso total. Pr\u00f3xima realiza\u00e7\u00e3o da Arena Eventos ser\u00e1 o Rally de Inverno, nos dias 20 a 22 de outubro<\/em><\/p>\n\n\n\n<p><strong>Pardinho (SP) \u2013<\/strong>&nbsp;Francine Rossi entre as motos e Lucas Moraes, nos UTVs, foram os campe\u00f5es da 9\u00aa edi\u00e7\u00e3o do Rally Serra Azul, v\u00e1lida como quinta e sexta etapas do Campeonato Brasileiro de Rally Baja 2023, da Confedera\u00e7\u00e3o Brasileira de Motociclismo. O evento disputado neste final de semana (15 a 17 de setembro), foi organizado pela Arena Promo\u00e7\u00f5es e Eventos e realizado nas imedia\u00e7\u00f5es do complexo do Grupo Rodoserv \u2013 Posto Rodoserv Stop e Hotel Rodoserv, \u00e0s margens da Rodovia Presidente Castelo Branco, em Pardinho, interior Paulista.<\/p>\n\n\n\n<figure class=\"wp-block-image size-large\"><img loading=\"lazy\" decoding=\"async\" width=\"1024\" height=\"683\" src=\"http:\/\/arenarally.com.br\/arena\/wp-content\/uploads\/2023\/09\/WhatsApp-Image-2023-09-17-at-12.33.51-2-1024x683.jpeg\" alt=\"\" class=\"wp-image-451\" srcset=\"https:\/\/arenarally.com.br\/arena\/wp-content\/uploads\/2023\/09\/WhatsApp-Image-2023-09-17-at-12.33.51-2-1024x683.jpeg 1024w, https:\/\/arenarally.com.br\/arena\/wp-content\/uploads\/2023\/09\/WhatsApp-Image-2023-09-17-at-12.33.51-2-300x200.jpeg 300w, https:\/\/arenarally.com.br\/arena\/wp-content\/uploads\/2023\/09\/WhatsApp-Image-2023-09-17-at-12.33.51-2-768x512.jpeg 768w, https:\/\/arenarally.com.br\/arena\/wp-content\/uploads\/2023\/09\/WhatsApp-Image-2023-09-17-at-12.33.51-2-1536x1024.jpeg 1536w, https:\/\/arenarally.com.br\/arena\/wp-content\/uploads\/2023\/09\/WhatsApp-Image-2023-09-17-at-12.33.51-2.jpeg 1599w\" sizes=\"auto, (max-width: 1024px) 100vw, 1024px\" \/><\/figure>\n\n\n\n<p>Foram quatro voltas de disputas acirradas, em dois dias de provas, totalizando pouco mais de 370 quil\u00f4metros (91,89 km por trecho) e&nbsp;dois quil\u00f4metros do pr\u00f3logo que definiu a ordem de largada das categorias. O percurso intercalou paisagens de planta\u00e7\u00e3o de eucaliptos e canaviais, em trechos arenosos e lombadas. Os dois dias foram de trechos cronometrados secos e de levantar poeira.<\/p>\n\n\n\n<p>O piloto Francine Rossi (#2), com sua Kawasaki KX 450 XC, que gabaritou o pr\u00f3logo e as quatro provas do evento, garantiu a vit\u00f3ria totalizando 04h44m56s59, pouco mais de quatorze minutos do segundo colocado, Luiz Henrique Cunha (#15 \/ Kawasaki KLX 450).<\/p>\n\n\n\n<p>\u201cEstou muito feliz com o resultado, tivemos um final de semana perfeito. Uma equipe muito entrosada e uma prova fant\u00e1stica de rally baja. Um desafio com tudo que o estilo de prova merece\u201d, afirma o piloto mineiro que integra a Rossi Rally Team.<\/p>\n\n\n\n<figure class=\"wp-block-image size-large\"><img loading=\"lazy\" decoding=\"async\" width=\"1024\" height=\"675\" src=\"http:\/\/arenarally.com.br\/arena\/wp-content\/uploads\/2023\/09\/WhatsApp-Image-2023-09-17-at-10.46.00-1-1024x675.jpeg\" alt=\"\" class=\"wp-image-449\" srcset=\"https:\/\/arenarally.com.br\/arena\/wp-content\/uploads\/2023\/09\/WhatsApp-Image-2023-09-17-at-10.46.00-1-1024x675.jpeg 1024w, https:\/\/arenarally.com.br\/arena\/wp-content\/uploads\/2023\/09\/WhatsApp-Image-2023-09-17-at-10.46.00-1-300x198.jpeg 300w, https:\/\/arenarally.com.br\/arena\/wp-content\/uploads\/2023\/09\/WhatsApp-Image-2023-09-17-at-10.46.00-1-768x506.jpeg 768w, https:\/\/arenarally.com.br\/arena\/wp-content\/uploads\/2023\/09\/WhatsApp-Image-2023-09-17-at-10.46.00-1-1536x1013.jpeg 1536w, https:\/\/arenarally.com.br\/arena\/wp-content\/uploads\/2023\/09\/WhatsApp-Image-2023-09-17-at-10.46.00-1.jpeg 1600w\" sizes=\"auto, (max-width: 1024px) 100vw, 1024px\" \/><\/figure>\n\n\n\n<p>Lucas Moraes (#123), a bordo de sua Polaris RZR PRO R, usou da estrat\u00e9gia durante a competi\u00e7\u00e3o. Ficou em segundo no pr\u00f3logo e na primeira prova e venceu as tr\u00eas demais disputas, o que sustentou uma confort\u00e1vel posi\u00e7\u00e3o no final da programa\u00e7\u00e3o do s\u00e1bado e domingo. Na somat\u00f3ria acumulada, o piloto paulista assegurou a lideran\u00e7a absoluta, com 04h20m14s38. E a equipe MEM Motorsports garantiu a dobradinha para a equipe com Kaique Bentivoglio (#109 \/ Polaris RZR PRO R), com o tempo de 04h21m19s12.<\/p>\n\n\n\n<p>\u201cEsta foi a nossa quarta vit\u00f3ria consecutiva do Campeonato Brasileiro e o titulo in\u00e9dito do Rally Serra Azul. Incr\u00edvel! Agrade\u00e7o imensamente a toda a equipe MEM Motorsports\u201d, declara o paulista.<\/p>\n\n\n\n<p>\u201cRally conclu\u00eddo com resultado excelente com vit\u00f3ria tamb\u00e9m na categorias e vamos com tudo para as demais etapas do campeonato\u201d, completou o paulistano Kaique Bentivoglio.<\/p>\n\n\n\n<p>O pr\u00f3ximo evento do calend\u00e1rio da Arena Eventos ser\u00e1 o Rally de Inverno entre os dias 20 a 22 de outubro.&nbsp; E na sequ\u00eancia, o Rally Poeira (dias 18 e 19\/11), ambos v\u00e1lidos para o Campeonato Brasileiro de Rally Baja.&nbsp; Para mais informa\u00e7\u00f5es, no site www.arenarally.com.br ou nas redes sociais pelo @arenarally.<\/p>\n\n\n\n<p>A 9\u00aa edi\u00e7\u00e3o do Rally Serra Azul foi uma realiza\u00e7\u00e3o da Arena Promo\u00e7\u00f5es e Eventos. Tem patroc\u00ednio do C6 Bank e apoio do Posto Rodoserv Stop, Hotel Rodoserv e da Anube Sport. A Supervis\u00e3o foi da CBM \u2013 Confedera\u00e7\u00e3o Brasileira de Motociclismo.<\/p>\n\n\n\n<p><strong>RALLY SERRA AZUL<\/strong><\/p>\n\n\n\n<p><strong>Resultado acumulado ap\u00f3s dois dias de disputas (Extra-Oficiais)<\/strong><\/p>\n\n\n\n<p><strong>MOTOS<\/strong><\/p>\n\n\n\n<p>1) #2 Francine Rossi, Kawasaki KX 450 XC, Rossi Rally Team, (1)MT1, 04h44m56s59<\/p>\n\n\n\n<p>2) #15 Luiz Henrique Cunha, Kawasaki KLX 450, TLK Racing, (1)MRG, 04h59m03s84<\/p>\n\n\n\n<p>3) #16 ANDRES SUAREZ, KTM EXC 450, BIANCHINI RALLY &#8211; XAMUSKA PREPARACOES, (1)MT2, 05h00m34s42<\/p>\n\n\n\n<p>4) #17 Luiz Fernando Nutti, Kawasaki KLX 450 R, Bianchini Rally &#8211; Army \/ BOXBBQ, (1)MOV, 05h04m56s28<\/p>\n\n\n\n<p>5) #3 Thomas Rudiger, KTM 690 Replica Rally, Tomate Team, (2)MT1, 05h12m55s30<\/p>\n\n\n\n<p><strong>UTV<\/strong><\/p>\n\n\n\n<p>1) #123 Lucas Moraes, Polaris RZR PRO R, Mem Motorports, (1)UT1, 04h20m14s38<\/p>\n\n\n\n<p>2) #109 Kaique Bentivoglio, Polaris RZR PRO R, Polaris One \/ Mem Motorsports, (1)UT2, 04h21m19s12<\/p>\n\n\n\n<p>3) #116 Conrado Matsumoto, Can-Am Maverick X3, Cotton Racing, (2)UT2, 04h23m41s58<\/p>\n\n\n\n<p>4) #121 Guilherme Cysne, Can-Am Maverick X3, GC Rally Team \/ Peak Automotiva, (2)UT1, 04h24m27s01<\/p>\n\n\n\n<p>5) #105 Marcus Cotton, Polaris Rzr Pro R, Polaris Factory Racing Brasil \/ Cotton Racing, (1)UOP, 04h26m09s84<\/p>\n\n\n\n<p>&#8211;<\/p>\n\n\n\n<p><strong>Resultados completos no Chronosat.com.br<\/strong>&nbsp;&#8211;&nbsp;<a href=\"https:\/\/chronosat.com.br\/novo\/saz23.html\">https:\/\/chronosat.com.br\/novo\/saz23.html<\/a><\/p>\n\n\n\n<p>&#8211;<\/p>\n\n\n\n<p><strong>Pr\u00f3ximas etapas do Campeonato Brasileiro de Rally Baja (duas etapas por prova)<\/strong><\/p>\n\n\n\n<p>30\/09 e 01\/10 &#8211; Rally Rota SC<\/p>\n\n\n\n<p>21 e 22\/10 \u2013 Rally de Inverno (*)<\/p>\n\n\n\n<p>18 e 19\/11 &#8211; Rally Poeira (*)<\/p>\n\n\n\n<p>02 e 03\/12 &#8211; Rally Terra Verde<\/p>\n\n\n\n<p><em>(*) Promovidos pela Arena Eventos<\/em><\/p>\n\n\n\n<p>&#8211;<\/p>\n\n\n\n<p><strong>Consultoria de Comunica\u00e7\u00e3o e Assessoria de Imprensa<\/strong><\/p>\n\n\n\n<p>SIG Comunica\u00e7\u00e3o | sig@sigcomunicacao.com.br<\/p>\n\n\n\n<p>Silvana Grezzana Santos | +55 (11) 999.726.966<\/p>\n\n\n\n<p>Cr\u00e9dito fotos: PhotoAction<\/p>\n","protected":false},"excerpt":{"rendered":"<p>Evento aos arredores do Rodoserv Stop, no interior paulista, foi v\u00e1lido pelo Campeonato Brasileiro de Rally Baja e teve disputas intensas em 370 quil\u00f4metros de percurso total. Pr\u00f3xima realiza\u00e7\u00e3o da Arena Eventos ser\u00e1 o Rally de Inverno, nos dias 20 a 22 de outubro Pardinho (SP) \u2013&nbsp;Francine Rossi entre as motos e Lucas Moraes, nos [&hellip;]<\/p>\n","protected":false},"author":2,"featured_media":0,"comment_status":"closed","ping_status":"closed","sticky":false,"template":"","format":"standard","meta":{"footnotes":""},"categories":[1],"tags":[],"class_list":["post-447","post","type-post","status-publish","format-standard","hentry","category-sem-categoria"],"_links":{"self":[{"href":"https:\/\/arenarally.com.br\/arena\/wp-json\/wp\/v2\/posts\/447","targetHints":{"allow":["GET"]}}],"collection":[{"href":"https:\/\/arenarally.com.br\/arena\/wp-json\/wp\/v2\/posts"}],"about":[{"href":"https:\/\/arenarally.com.br\/arena\/wp-json\/wp\/v2\/types\/post"}],"author":[{"embeddable":true,"href":"https:\/\/arenarally.com.br\/arena\/wp-json\/wp\/v2\/users\/2"}],"replies":[{"embeddable":true,"href":"https:\/\/arenarally.com.br\/arena\/wp-json\/wp\/v2\/comments?post=447"}],"version-history":[{"count":2,"href":"https:\/\/arenarally.com.br\/arena\/wp-json\/wp\/v2\/posts\/447\/revisions"}],"predecessor-version":[{"id":452,"href":"https:\/\/arenarally.com.br\/arena\/wp-json\/wp\/v2\/posts\/447\/revisions\/452"}],"wp:attachment":[{"href":"https:\/\/arenarally.com.br\/arena\/wp-json\/wp\/v2\/media?parent=447"}],"wp:term":[{"taxonomy":"category","embeddable":true,"href":"https:\/\/arenarally.com.br\/arena\/wp-json\/wp\/v2\/categories?post=447"},{"taxonomy":"post_tag","embeddable":true,"href":"https:\/\/arenarally.com.br\/arena\/wp-json\/wp\/v2\/tags?post=447"}],"curies":[{"name":"wp","href":"https:\/\/api.w.org\/{rel}","templated":true}]}}