{"id":453,"date":"2023-09-22T15:02:35","date_gmt":"2023-09-22T18:02:35","guid":{"rendered":"http:\/\/arenarally.com.br\/arena\/?p=453"},"modified":"2023-09-24T15:52:37","modified_gmt":"2023-09-24T18:52:37","slug":"rally-de-inverno-sera-em-outubro-na-estancia-turistica-de-barra-bonita","status":"publish","type":"post","link":"https:\/\/arenarally.com.br\/arena\/rally-de-inverno-sera-em-outubro-na-estancia-turistica-de-barra-bonita\/","title":{"rendered":"Rally de Inverno ser\u00e1 em outubro na Est\u00e2ncia Tur\u00edstica de Barra Bonita"},"content":{"rendered":"\n<p><em>Em praticamente um m\u00eas, os off-roaders voltam a se reunir para a o evento v\u00e1lido pelo Campeonato Brasileiro de Rally Baja, entre os dias 20 a 22 de outubro. As inscri\u00e7\u00f5es est\u00e3o abertas aqui no pelo site arenarally.com.br.<\/em><\/p>\n\n\n\n<p>A Est\u00e2ncia Tur\u00edstica de Barra Bonita ser\u00e1 palco da 7\u00aa edi\u00e7\u00e3o do Rally de Inverno, que este ano acontece fora de esta\u00e7\u00e3o, entre os dias 20 a 22 de outubro, em mais um disputad\u00edssimo encontro da temporada v\u00e1lido para o Campeonato Brasileiro de Rally Baja nas categorias Motos, UTV\u2019s e Quadriciclos. O roteiro \u00e9 in\u00e9dito e valoriza uma das cidades mais charmosas e belas do interior paulista, com forte potencial tur\u00edstico em contato com a natureza.<\/p>\n\n\n\n<figure class=\"wp-block-image size-full\"><img loading=\"lazy\" decoding=\"async\" width=\"750\" height=\"499\" src=\"http:\/\/arenarally.com.br\/arena\/wp-content\/uploads\/2023\/06\/313229_707071_dfotos_750x499.jpg\" alt=\"\" class=\"wp-image-294\" srcset=\"https:\/\/arenarally.com.br\/arena\/wp-content\/uploads\/2023\/06\/313229_707071_dfotos_750x499.jpg 750w, https:\/\/arenarally.com.br\/arena\/wp-content\/uploads\/2023\/06\/313229_707071_dfotos_750x499-300x200.jpg 300w\" sizes=\"auto, (max-width: 750px) 100vw, 750px\" \/><\/figure>\n\n\n\n<p>A Arena Promo\u00e7\u00f5es e Eventos ter\u00e1 Barra Bonita pela primeira vez no calend\u00e1rio e ter\u00e1 visita\u00e7\u00e3o aberta e gratuita ao p\u00fablico. O munic\u00edpio a 288 km da Capital de S\u00e3o Paulo ser\u00e1 o ponto de partida e chegada da competi\u00e7\u00e3o.<\/p>\n\n\n\n<figure class=\"wp-block-image size-large\"><img loading=\"lazy\" decoding=\"async\" width=\"1024\" height=\"682\" src=\"http:\/\/arenarally.com.br\/arena\/wp-content\/uploads\/2023\/06\/WhatsApp-Image-2023-06-22-at-08.23.09-1024x682.jpeg\" alt=\"\" class=\"wp-image-350\" srcset=\"https:\/\/arenarally.com.br\/arena\/wp-content\/uploads\/2023\/06\/WhatsApp-Image-2023-06-22-at-08.23.09-1024x682.jpeg 1024w, https:\/\/arenarally.com.br\/arena\/wp-content\/uploads\/2023\/06\/WhatsApp-Image-2023-06-22-at-08.23.09-300x200.jpeg 300w, https:\/\/arenarally.com.br\/arena\/wp-content\/uploads\/2023\/06\/WhatsApp-Image-2023-06-22-at-08.23.09-768x512.jpeg 768w, https:\/\/arenarally.com.br\/arena\/wp-content\/uploads\/2023\/06\/WhatsApp-Image-2023-06-22-at-08.23.09.jpeg 1280w\" sizes=\"auto, (max-width: 1024px) 100vw, 1024px\" \/><\/figure>\n\n\n\n<p>\u201c\u00c9 um evento que valoriza a Est\u00e2ncia Tur\u00edstica, atraindo visitantes para acompanhar uma das provas mais esperadas do pa\u00eds. \u00c9 impulso para o turismo regional, o aquecimento da economia, gera\u00e7\u00e3o de neg\u00f3cios e visibilidade de seus atrativos como o Rio Tiet\u00ea, com praia e tudo, podendo navegar por ele, com direito a passeio de barco subindo e descendo por uma eclusa\u201d, diz o organizador Henrique Arena.<\/p>\n\n\n\n<figure class=\"wp-block-image size-large\"><img loading=\"lazy\" decoding=\"async\" width=\"1024\" height=\"684\" src=\"http:\/\/arenarally.com.br\/arena\/wp-content\/uploads\/2023\/08\/NelsonJr_PhotoAction-9157-1024x684.jpg\" alt=\"\" class=\"wp-image-431\" srcset=\"https:\/\/arenarally.com.br\/arena\/wp-content\/uploads\/2023\/08\/NelsonJr_PhotoAction-9157-1024x684.jpg 1024w, https:\/\/arenarally.com.br\/arena\/wp-content\/uploads\/2023\/08\/NelsonJr_PhotoAction-9157-300x200.jpg 300w, https:\/\/arenarally.com.br\/arena\/wp-content\/uploads\/2023\/08\/NelsonJr_PhotoAction-9157-768x513.jpg 768w, https:\/\/arenarally.com.br\/arena\/wp-content\/uploads\/2023\/08\/NelsonJr_PhotoAction-9157-1536x1025.jpg 1536w, https:\/\/arenarally.com.br\/arena\/wp-content\/uploads\/2023\/08\/NelsonJr_PhotoAction-9157-2048x1367.jpg 2048w\" sizes=\"auto, (max-width: 1024px) 100vw, 1024px\" \/><\/figure>\n\n\n\n<p>Em Barra Bonita as \u00e1guas do rio s\u00e3o limpas e se transformam em uma excelente \u00e1rea de lazer com banhistas, pescadores e pequenas embarca\u00e7\u00f5es. Entre outros atrativos da cidade est\u00e3o Pra\u00e7a do Telef\u00e9rico, Ponte Campos Salles, Pra\u00e7a do Artesanato, Memorial do Rio Tiet\u00ea, Usina Hidrel\u00e9trica Barra Bonita, Biblioteca Municipal Dr. Orlando Lopes, Casa da Cultura Fernando Morais, Centro de Recrea\u00e7\u00e3o e Lazer da Juventude, Esta\u00e7\u00e3o de Piscicultura da AES Alto Tiet\u00ea, Marina da Barra, Passeios pela Eclusa e de barcos, Santu\u00e1rio Nossa Senhora Aparecida e Tear Comunit\u00e1rio.<\/p>\n\n\n\n<figure class=\"wp-block-image size-large\"><img loading=\"lazy\" decoding=\"async\" width=\"1024\" height=\"683\" src=\"http:\/\/arenarally.com.br\/arena\/wp-content\/uploads\/2023\/09\/WhatsApp-Image-2023-09-17-at-12.33.51-2-1024x683.jpeg\" alt=\"\" class=\"wp-image-451\" srcset=\"https:\/\/arenarally.com.br\/arena\/wp-content\/uploads\/2023\/09\/WhatsApp-Image-2023-09-17-at-12.33.51-2-1024x683.jpeg 1024w, https:\/\/arenarally.com.br\/arena\/wp-content\/uploads\/2023\/09\/WhatsApp-Image-2023-09-17-at-12.33.51-2-300x200.jpeg 300w, https:\/\/arenarally.com.br\/arena\/wp-content\/uploads\/2023\/09\/WhatsApp-Image-2023-09-17-at-12.33.51-2-768x512.jpeg 768w, https:\/\/arenarally.com.br\/arena\/wp-content\/uploads\/2023\/09\/WhatsApp-Image-2023-09-17-at-12.33.51-2-1536x1024.jpeg 1536w, https:\/\/arenarally.com.br\/arena\/wp-content\/uploads\/2023\/09\/WhatsApp-Image-2023-09-17-at-12.33.51-2.jpeg 1599w\" sizes=\"auto, (max-width: 1024px) 100vw, 1024px\" \/><\/figure>\n\n\n\n<p>Durante todo o passeio, os comandantes d\u00e3o informa\u00e7\u00f5es sobre o rio e sua hist\u00f3ria &#8211; as fazendas de caf\u00e9 do s\u00e9culo 19, as pontes antigas. Entre um dado e outro, observa-se as aves nas margens verdes do rio. S\u00e3o gar\u00e7as-pardas, bigu\u00e1s e patos selvagens, colhereiros, soc\u00f3s e jaburus que dividem espa\u00e7o com barquinhos de pescadores, pedalinhos, jet-skis e bonitas paisagens.<\/p>\n\n\n\n<p>As vistorias t\u00e9cnicas, administrativas e shakedown ter\u00e3o in\u00edcio na sexta-feira, 20. As disputas ser\u00e3o no s\u00e1bado e domingo, 21 e 22.<\/p>\n\n\n\n<p>O 7\u00ba Rally de Inverno conta com o patroc\u00ednio do C6 Bank \u00e9 uma realiza\u00e7\u00e3o da Arena Promo\u00e7\u00f5es e Evento com apoio da Prefeitura Municipal da Est\u00e2ncia Tur\u00edstica de Barra Bonita, atrav\u00e9s das Secretarias de Esportes e de Turismo e Anube. A supervis\u00e3o \u00e9 da CBM &#8211; Confedera\u00e7\u00e3o Brasileira de Motociclismo.&nbsp;<\/p>\n\n\n\n<p><strong>Pr\u00f3ximas etapas do Campeonato Brasileiro de Rally Baja (duas etapas por prova)<\/strong><\/p>\n\n\n\n<p>30\/09 e 01\/10 &#8211; Rally Rota SC<\/p>\n\n\n\n<p>21 e 22\/10 \u2013 Rally de Inverno (*)<\/p>\n\n\n\n<p>18 e 19\/11 &#8211; Rally Poeira (*)<\/p>\n\n\n\n<p>02 e 03\/12 &#8211; Rally Terra Verde<\/p>\n\n\n\n<p><em>(*) Promovidos pela Arena Eventos<\/em><\/p>\n\n\n\n<p>&#8211;<\/p>\n\n\n\n<p><strong>Consultoria de Comunica\u00e7\u00e3o e Assessoria de Imprensa<\/strong><\/p>\n\n\n\n<p>SIG Comunica\u00e7\u00e3o | sig@sigcomunicacao.com.br<\/p>\n\n\n\n<p>Silvana Grezzana Santos | +55 (11) 999.726.966<\/p>\n\n\n\n<p>Cr\u00e9dito fotos: PhotoAction<\/p>\n","protected":false},"excerpt":{"rendered":"<p>Em praticamente um m\u00eas, os off-roaders voltam a se reunir para a o evento v\u00e1lido pelo Campeonato Brasileiro de Rally Baja, entre os dias 20 a 22 de outubro. As inscri\u00e7\u00f5es est\u00e3o abertas aqui no pelo site arenarally.com.br. A Est\u00e2ncia Tur\u00edstica de Barra Bonita ser\u00e1 palco da 7\u00aa edi\u00e7\u00e3o do Rally de Inverno, que este [&hellip;]<\/p>\n","protected":false},"author":2,"featured_media":0,"comment_status":"closed","ping_status":"closed","sticky":false,"template":"","format":"standard","meta":{"footnotes":""},"categories":[1],"tags":[],"class_list":["post-453","post","type-post","status-publish","format-standard","hentry","category-sem-categoria"],"_links":{"self":[{"href":"https:\/\/arenarally.com.br\/arena\/wp-json\/wp\/v2\/posts\/453","targetHints":{"allow":["GET"]}}],"collection":[{"href":"https:\/\/arenarally.com.br\/arena\/wp-json\/wp\/v2\/posts"}],"about":[{"href":"https:\/\/arenarally.com.br\/arena\/wp-json\/wp\/v2\/types\/post"}],"author":[{"embeddable":true,"href":"https:\/\/arenarally.com.br\/arena\/wp-json\/wp\/v2\/users\/2"}],"replies":[{"embeddable":true,"href":"https:\/\/arenarally.com.br\/arena\/wp-json\/wp\/v2\/comments?post=453"}],"version-history":[{"count":3,"href":"https:\/\/arenarally.com.br\/arena\/wp-json\/wp\/v2\/posts\/453\/revisions"}],"predecessor-version":[{"id":466,"href":"https:\/\/arenarally.com.br\/arena\/wp-json\/wp\/v2\/posts\/453\/revisions\/466"}],"wp:attachment":[{"href":"https:\/\/arenarally.com.br\/arena\/wp-json\/wp\/v2\/media?parent=453"}],"wp:term":[{"taxonomy":"category","embeddable":true,"href":"https:\/\/arenarally.com.br\/arena\/wp-json\/wp\/v2\/categories?post=453"},{"taxonomy":"post_tag","embeddable":true,"href":"https:\/\/arenarally.com.br\/arena\/wp-json\/wp\/v2\/tags?post=453"}],"curies":[{"name":"wp","href":"https:\/\/api.w.org\/{rel}","templated":true}]}}