{"id":475,"date":"2023-10-16T15:29:41","date_gmt":"2023-10-16T18:29:41","guid":{"rendered":"http:\/\/arenarally.com.br\/arena\/?p=475"},"modified":"2023-10-16T15:30:13","modified_gmt":"2023-10-16T18:30:13","slug":"rally-de-inverno-comeca-na-proxima-sexta-feira-e-preve-muita-disputa-na-reta-final-do-brasileiro-baja","status":"publish","type":"post","link":"https:\/\/arenarally.com.br\/arena\/rally-de-inverno-comeca-na-proxima-sexta-feira-e-preve-muita-disputa-na-reta-final-do-brasileiro-baja\/","title":{"rendered":"Rally de Inverno come\u00e7a na pr\u00f3xima sexta-feira e prev\u00ea muita disputa na reta final do Brasileiro Baja"},"content":{"rendered":"\n<p><em>Competi\u00e7\u00e3o off-road atrair\u00e1 competidores de todo o pa\u00eds e conta pontos para o calend\u00e1rio brasileiro da modalidade. As inscri\u00e7\u00f5es seguem abertas no www.arenarally.com.br<\/em><\/p>\n\n\n\n<figure class=\"wp-block-image size-large\"><img loading=\"lazy\" decoding=\"async\" width=\"1024\" height=\"681\" src=\"http:\/\/arenarally.com.br\/arena\/wp-content\/uploads\/2023\/08\/NelsonJr_PhotoAction-0519-1024x681.jpg\" alt=\"\" class=\"wp-image-428\" srcset=\"https:\/\/arenarally.com.br\/arena\/wp-content\/uploads\/2023\/08\/NelsonJr_PhotoAction-0519-1024x681.jpg 1024w, https:\/\/arenarally.com.br\/arena\/wp-content\/uploads\/2023\/08\/NelsonJr_PhotoAction-0519-300x200.jpg 300w, https:\/\/arenarally.com.br\/arena\/wp-content\/uploads\/2023\/08\/NelsonJr_PhotoAction-0519-768x511.jpg 768w, https:\/\/arenarally.com.br\/arena\/wp-content\/uploads\/2023\/08\/NelsonJr_PhotoAction-0519-1536x1022.jpg 1536w, https:\/\/arenarally.com.br\/arena\/wp-content\/uploads\/2023\/08\/NelsonJr_PhotoAction-0519-2048x1363.jpg 2048w\" sizes=\"auto, (max-width: 1024px) 100vw, 1024px\" \/><\/figure>\n\n\n\n<p>O 7\u00ba Rally de Inverno, que acontece na pr\u00f3xima semana de 20 e 22 de outubro, na Est\u00e2ncia Tur\u00edstica Barra Bonita, no interior paulista, valer\u00e1 pontos para a antepen\u00faltima prova do Campeonato Brasileiro de Rally Baja nas categorias motos, quadriciclos e UTVs (11\u00aa e 12\u00aa etapas). A popula\u00e7\u00e3o poder\u00e1 visitar gratuitamente a \u00e1rea de concentra\u00e7\u00e3o dos pilotos e conferir de perto as m\u00e1quinas do rali.<\/p>\n\n\n\n<p>O roteiro em dois dias de disputas compreende aproximadamente 330 quil\u00f4metros entre especiais cronometradas e deslocamentos. Estar\u00e3o presentes equipes de diversos estados brasileiros e est\u00e3o previstos 50 competidores nas mais diversas categorias. A programa\u00e7\u00e3o ter\u00e1 in\u00edcio na pr\u00f3xima sexta-feira com as vistorias t\u00e9cnicas e administrativas, shakedown \u00e0s 16 horas e briefing para as equipes a partir das 19h30 no Parque de Apoio, que estar\u00e1 montado no Pavilh\u00e3o de Exposi\u00e7\u00f5es e kart\u00f3dromo de Barra Bonita.<\/p>\n\n\n\n<p>&#8220;Na sexta-feira, ser\u00e1 um dia muito importante, no qual os ve\u00edculos ser\u00e3o vistoriados em v\u00e1rios itens, especialmente de seguran\u00e7a. Al\u00e9m disso, teremos o briefing t\u00e9cnico, quando ser\u00e3o explicados todos os detalhes do evento\u201d, explica Henrique Arena, diretor-geral do Rally de Inverno.<\/p>\n\n\n\n<figure class=\"wp-block-image size-large\"><img decoding=\"async\" src=\"https:\/\/sigcomunicacao.com.br\/wp-content\/uploads\/2023\/10\/316648_715990_20023946_323564284765330_5232308020277175361_o-1024x683.jpg\" alt=\"\" class=\"wp-image-19038\"\/><\/figure>\n\n\n\n<p>No s\u00e1bado, dia 21, ser\u00e1 a primeira etapa da prova. \u00c0s 9 horas entram em cena as Motos, na sequ\u00eancia os quadris e UTVs para o percurso de muita adrenalina por trilhas da regi\u00e3o em trechos cronometrados. O final da prova, com cerim\u00f4nia de premia\u00e7\u00e3o, ser\u00e1 no domingo, tamb\u00e9m Pavilh\u00e3o de Exposi\u00e7\u00f5es, e neste dia, a largada ser\u00e1 \u00e0s 7 horas.<\/p>\n\n\n\n<figure class=\"wp-block-image size-large\"><img decoding=\"async\" src=\"https:\/\/sigcomunicacao.com.br\/wp-content\/uploads\/2023\/10\/316648_716082_8ddd52c9_01f7_4992_9692_6426d9c6122f-1024x643.jpg\" alt=\"\" class=\"wp-image-19040\"\/><\/figure>\n\n\n\n<p>A Arena Promo\u00e7\u00f5es e Eventos, empresa organizadora do Rally de Inverno, preparou uma competi\u00e7\u00e3o de alto n\u00edvel t\u00e9cnico e aplicar\u00e1 aos participantes, dificuldades que colocar\u00e1 \u00e0 prova as habilidades e performance de todo o conjunto. Para o final de semana de provas est\u00e3o previstos percursos mistos de terra, lombas, com cascalho, trechos r\u00e1pidos e travados.<\/p>\n\n\n\n<p>Al\u00e9m disso, o roteiro ser\u00e1 bastante t\u00e9cnico e composto de muita navega\u00e7\u00e3o. \u201cA disputa ser\u00e1 bastante t\u00e9cnica e que exigir\u00e1 todo o empenho e habilidade dos competidores para superar os desafios da regi\u00e3o de Est\u00e2ncia Tur\u00edstica Barra\u201d, explica Henrique Arena, diretor-geral.<\/p>\n\n\n\n<p>As inscri\u00e7\u00f5es seguem abertas pelo site&nbsp;<a href=\"http:\/\/www.rallycaminhosdaneve.com.br\/\">www.arenarally.com.br<\/a>.<\/p>\n\n\n\n<p>O 7\u00ba Rally de Inverno conta com o patroc\u00ednio do C6 Bank \u00e9 uma realiza\u00e7\u00e3o da Arena Promo\u00e7\u00f5es e Evento com apoio da Prefeitura Municipal da Est\u00e2ncia Tur\u00edstica de Barra Bonita, atrav\u00e9s das Secretarias de Esportes e de Turismo e Anube. A supervis\u00e3o \u00e9 da CBM &#8211; Confedera\u00e7\u00e3o Brasileira de Motociclismo.<\/p>\n\n\n\n<p><strong>PROGRAMA\u00c7\u00c3O RALLY DE INVERNO<\/strong><\/p>\n\n\n\n<p><\/p>\n\n\n\n<p><strong>Quinta-feira, 19\/10<\/strong><\/p>\n\n\n\n<p>13h00 \u2013 Abertura do Parque de Apoio<\/p>\n\n\n\n<p><\/p>\n\n\n\n<p><strong>Sexta-feira, 20\/10<\/strong><\/p>\n\n\n\n<p>13h00 \u00e0s 17h00 &#8211; Secretaria de prova e vistoria equipamento stella.<\/p>\n\n\n\n<p>Local \u2013 Parque de Apoio-Pavilh\u00e3o de exposi\u00e7\u00f5es, kart\u00f3dromo de Barra Bonita.<\/p>\n\n\n\n<p>14h00 as 18h00 &#8211; Vistoria t\u00e9cnica CBM.<\/p>\n\n\n\n<p>16h00 &#8211; Shakedown (sa\u00edda em comboio at\u00e9 o local).<\/p>\n\n\n\n<p>19h30 &#8211; Briefing (pavilh\u00e3o de exposi\u00e7\u00e3o).<\/p>\n\n\n\n<p><\/p>\n\n\n\n<p><strong>S\u00e1bado, 21\/10<\/strong><\/p>\n\n\n\n<p>Largada (ordem do campeonato).<\/p>\n\n\n\n<p>09h00 &#8211; Largada em comboio.<\/p>\n\n\n\n<p>10h00 &#8211; Largada na especial.<\/p>\n\n\n\n<p>19h30 &#8211; Briefing Virtual.<\/p>\n\n\n\n<p><strong>Domingo, 22\/10<\/strong><\/p>\n\n\n\n<p>07h00 &#8211; Largada em comboio.<\/p>\n\n\n\n<p>08h00 &#8211; Largada na especial.<\/p>\n\n\n\n<p><\/p>\n\n\n\n<p><strong>Ficha t\u00e9cnica<\/strong><\/p>\n\n\n\n<p>DI- 21,80 km \/ TE- 115,83 km \/ DF-26,42 km<\/p>\n\n\n\n<p>Total: 164,05 km<\/p>\n\n\n\n<p>Abastecimentos \u2013 Km 30,22 da especial e Km 98,60 da especial.<\/p>\n\n\n\n<p><\/p>\n\n\n\n<p><strong>Campeonato Brasileiro de Rally Baja (duas etapas por prova)<\/strong><\/p>\n\n\n\n<p>11\u00aa e 12\u00aa etapas &#8211; 21 e 22\/10 \u2013 Rally de Inverno (*)<\/p>\n\n\n\n<p>13\u00aa e 14\u00aa etapas &#8211; 18 e 19\/11 &#8211; Rally Poeira (*)<\/p>\n\n\n\n<p>15\u00aa e 16\u00aa etapas &#8211; 02 e 03\/12 &#8211; Rally Terra Verde<\/p>\n\n\n\n<p>(*) Promovidos pela Arena Eventos<\/p>\n\n\n\n<p>&#8211;<\/p>\n\n\n\n<p><strong>Consultoria de Comunica\u00e7\u00e3o e Assessoria de Imprensa<\/strong><\/p>\n\n\n\n<p>SIG Comunica\u00e7\u00e3o | sig@sigcomunicacao.com.br<\/p>\n\n\n\n<p>Silvana Grezzana Santos | +55 (11) 999.726.966<\/p>\n\n\n\n<p>Cr\u00e9dito fotos: PhotoAction<\/p>\n","protected":false},"excerpt":{"rendered":"<p>Competi\u00e7\u00e3o off-road atrair\u00e1 competidores de todo o pa\u00eds e conta pontos para o calend\u00e1rio brasileiro da modalidade. As inscri\u00e7\u00f5es seguem abertas no www.arenarally.com.br O 7\u00ba Rally de Inverno, que acontece na pr\u00f3xima semana de 20 e 22 de outubro, na Est\u00e2ncia Tur\u00edstica Barra Bonita, no interior paulista, valer\u00e1 pontos para a antepen\u00faltima prova do Campeonato [&hellip;]<\/p>\n","protected":false},"author":2,"featured_media":0,"comment_status":"closed","ping_status":"closed","sticky":false,"template":"","format":"standard","meta":{"footnotes":""},"categories":[1],"tags":[],"class_list":["post-475","post","type-post","status-publish","format-standard","hentry","category-sem-categoria"],"_links":{"self":[{"href":"https:\/\/arenarally.com.br\/arena\/wp-json\/wp\/v2\/posts\/475","targetHints":{"allow":["GET"]}}],"collection":[{"href":"https:\/\/arenarally.com.br\/arena\/wp-json\/wp\/v2\/posts"}],"about":[{"href":"https:\/\/arenarally.com.br\/arena\/wp-json\/wp\/v2\/types\/post"}],"author":[{"embeddable":true,"href":"https:\/\/arenarally.com.br\/arena\/wp-json\/wp\/v2\/users\/2"}],"replies":[{"embeddable":true,"href":"https:\/\/arenarally.com.br\/arena\/wp-json\/wp\/v2\/comments?post=475"}],"version-history":[{"count":2,"href":"https:\/\/arenarally.com.br\/arena\/wp-json\/wp\/v2\/posts\/475\/revisions"}],"predecessor-version":[{"id":477,"href":"https:\/\/arenarally.com.br\/arena\/wp-json\/wp\/v2\/posts\/475\/revisions\/477"}],"wp:attachment":[{"href":"https:\/\/arenarally.com.br\/arena\/wp-json\/wp\/v2\/media?parent=475"}],"wp:term":[{"taxonomy":"category","embeddable":true,"href":"https:\/\/arenarally.com.br\/arena\/wp-json\/wp\/v2\/categories?post=475"},{"taxonomy":"post_tag","embeddable":true,"href":"https:\/\/arenarally.com.br\/arena\/wp-json\/wp\/v2\/tags?post=475"}],"curies":[{"name":"wp","href":"https:\/\/api.w.org\/{rel}","templated":true}]}}