{"id":620,"date":"2024-05-04T19:15:52","date_gmt":"2024-05-04T22:15:52","guid":{"rendered":"https:\/\/arenarally.com.br\/arena\/?p=620"},"modified":"2024-05-04T19:15:54","modified_gmt":"2024-05-04T22:15:54","slug":"rally-poeira-e-atracao-em-aracatuba-e-a-adrenalina-esteve-em-alta-na-disputa-do-brasileiro-baja","status":"publish","type":"post","link":"https:\/\/arenarally.com.br\/arena\/rally-poeira-e-atracao-em-aracatuba-e-a-adrenalina-esteve-em-alta-na-disputa-do-brasileiro-baja\/","title":{"rendered":"Rally Poeira \u00e9 atra\u00e7\u00e3o em Ara\u00e7atuba e a adrenalina esteve em alta na disputa do Brasileiro Baja"},"content":{"rendered":"\n<p><em>Neste s\u00e1bado, no interior paulista, competidores das categorias motocicletas e UTVs participaram do pr\u00f3logo e da primeira especial cronometrada. O evento prossegue neste domingo e prev\u00ea premia\u00e7\u00e3o \u00e0s 14 horas<\/em><\/p>\n\n\n\n<p><strong>Ara\u00e7atuba (SP)<\/strong>&nbsp;\u2013 Com roteiro divertido, muito calor e poeira, curvas fechadas, obst\u00e1culos diversos e supera\u00e7\u00e3o foi tom das primeiras atividades do 6\u00ba Rally Poeira que come\u00e7ou nesta sexta-feira, 03 de maio, com um shakedown.&nbsp;V\u00e1lida para a terceira etapa do Campeonato Brasileiro de Rally Baja, a prova realizou neste s\u00e1bado (04), na cidade de Ara\u00e7atuba\/SP, um pr\u00f3logo de 3,6 quil\u00f4metros e uma especial de 112,96 quil\u00f4metros, incluindo os deslocamentos iniciais e finais.&nbsp; Os \u00faltimos trechos de competi\u00e7\u00e3o da edi\u00e7\u00e3o 2024 para as equipes acontecem neste domingo, 05 de maio.&nbsp;<\/p>\n\n\n\n<p>Comp\u00f5em o grid do Rally Poeira 50 ve\u00edculos, entre 15 motos e 35 UTVs. Francine Rossi (Kawasaki Kx 450 Xc), da equipe Rossi Rally Team, levou a melhor posi\u00e7\u00e3o do dia nas motocicletas com o tempo de 01h49min43seg, seguido de Rafael Silvestre a 1min46seg.<\/p>\n\n\n<div class=\"wp-block-image\">\n<figure class=\"aligncenter size-large is-resized\"><img loading=\"lazy\" decoding=\"async\" width=\"657\" height=\"1024\" src=\"http:\/\/arenarally.com.br\/arena\/wp-content\/uploads\/2024\/05\/WhatsApp-Image-2024-05-04-at-16.23.11-657x1024.jpeg\" alt=\"\" class=\"wp-image-623\" style=\"width:383px;height:auto\" srcset=\"https:\/\/arenarally.com.br\/arena\/wp-content\/uploads\/2024\/05\/WhatsApp-Image-2024-05-04-at-16.23.11-657x1024.jpeg 657w, https:\/\/arenarally.com.br\/arena\/wp-content\/uploads\/2024\/05\/WhatsApp-Image-2024-05-04-at-16.23.11-192x300.jpeg 192w, https:\/\/arenarally.com.br\/arena\/wp-content\/uploads\/2024\/05\/WhatsApp-Image-2024-05-04-at-16.23.11-768x1197.jpeg 768w, https:\/\/arenarally.com.br\/arena\/wp-content\/uploads\/2024\/05\/WhatsApp-Image-2024-05-04-at-16.23.11.jpeg 821w\" sizes=\"auto, (max-width: 657px) 100vw, 657px\" \/><\/figure>\n<\/div>\n\n\n<p>\u201cFoi uma prova muito legal aqui em Ara\u00e7atuba, consegui imprimir um ritmo muito bom e sair com a vit\u00f3ria. Agora, \u00e9 descansar que amanh\u00e3 tem mais\u201d, diz o competidor Francine Rossi (#1).<\/p>\n\n\n\n<p>Nos UTVs, Marcus Cotton (Polaris Rzr Pro R) garantiu a primeira posi\u00e7\u00e3o em 1h31min43seg, em segundo ficou Fabio Pirondi (Can-Am Maverick X3) com diferen\u00e7a de apenas 22seg89.&nbsp;&nbsp;&nbsp;&nbsp;&nbsp;<\/p>\n\n\n<div class=\"wp-block-image\">\n<figure class=\"aligncenter size-large is-resized\"><img loading=\"lazy\" decoding=\"async\" width=\"1024\" height=\"683\" src=\"http:\/\/arenarally.com.br\/arena\/wp-content\/uploads\/2024\/05\/WhatsApp-Image-2024-05-03-at-18.39.07-1024x683.jpeg\" alt=\"\" class=\"wp-image-621\" style=\"width:554px;height:auto\" srcset=\"https:\/\/arenarally.com.br\/arena\/wp-content\/uploads\/2024\/05\/WhatsApp-Image-2024-05-03-at-18.39.07-1024x683.jpeg 1024w, https:\/\/arenarally.com.br\/arena\/wp-content\/uploads\/2024\/05\/WhatsApp-Image-2024-05-03-at-18.39.07-300x200.jpeg 300w, https:\/\/arenarally.com.br\/arena\/wp-content\/uploads\/2024\/05\/WhatsApp-Image-2024-05-03-at-18.39.07-768x512.jpeg 768w, https:\/\/arenarally.com.br\/arena\/wp-content\/uploads\/2024\/05\/WhatsApp-Image-2024-05-03-at-18.39.07-1536x1024.jpeg 1536w, https:\/\/arenarally.com.br\/arena\/wp-content\/uploads\/2024\/05\/WhatsApp-Image-2024-05-03-at-18.39.07.jpeg 1599w\" sizes=\"auto, (max-width: 1024px) 100vw, 1024px\" \/><\/figure>\n<\/div>\n\n\n<p>&nbsp;\u201cHoje foi tudo bem, demos o nosso melhor sempre na prova para garantir um bom resultado. O equipamento ser\u00e1 revisado para acelerar de novo amanh\u00e3 e quem sabe garantir o lugar mais alto do p\u00f3dio\u201d, destaca Marcus Cotton (#101).<\/p>\n\n\n\n<p>O Rally Poeira, que atrai pilotos e navegadores de diversas regi\u00f5es brasileiras e neste domingo repetira o percurso de 112,96 quil\u00f4metros, totalizando 229,52 quil\u00f4metros nos dois dias de provas e ser\u00e3o 277,12 quil\u00f4metros somando os deslocamentos. A largada ter\u00e1 in\u00edcio \u00e0s 8 horas e, logo ap\u00f3s a disputa, haver\u00e1 a cerim\u00f4nia de premia\u00e7\u00e3o do evento, \u00e0s 14 horas, no Recinto de Exposi\u00e7\u00f5es Clibas de Almeida Prado de Ara\u00e7atuba, local onde o parque de apoio mec\u00e2nico foi montado.&nbsp;<\/p>\n\n\n\n<p>A 6\u00aa edi\u00e7\u00e3o do Rally Poeira \u00e9 uma realiza\u00e7\u00e3o da Arena Promo\u00e7\u00f5es e Eventos e t\u00eam a supervis\u00e3o da CBM &#8211; Confedera\u00e7\u00e3o Brasileira de Motociclismo. A prova conta com o patroc\u00ednio da Prefeitura Municipal de Ara\u00e7atuba, atrav\u00e9s das Secretarias de Esporte e Turismo e apoio do C6 Bank e Anube.<\/p>\n\n\n\n<p><strong>Resultado do primeiro dia de disputas (04 de maio) \u2013 Extra Oficial:<\/strong><\/p>\n\n\n\n<p><strong>MOTOS<\/strong><\/p>\n\n\n\n<p>1) #1 Francine Rossi, Kawasaki Kx 450 Xc, Rossi Rally Team, (1)MT1, 01h49m43s52<\/p>\n\n\n\n<p>2) #23 Rafael Silvestre, Gasgas 450, (1)MT3, 01h51m29s98<\/p>\n\n\n\n<p>3) #11 Luiz Menuzzo, Husqvarna Fe 501, Bianchini Rally, (1)MOV, 01h52m28s71<\/p>\n\n\n\n<p>4) #2 Andres Suarez, Husqvarna Fe 501, Bianchini Rally &#8211; Xamusk Prepara\u00e7\u00f5es, (1)MT2, 01h5m50s04<\/p>\n\n\n\n<p>5) #3 Luiz Nutti, Kawasaki Klx 450r, Bianchini Rally &#8211; Army \/ BOXBBQ, (2)MOV, 01h58m25s15<\/p>\n\n\n\n<p>.<\/p>\n\n\n\n<p><strong>UTVS<\/strong><\/p>\n\n\n\n<p>1) #108 Marcus Cotton, Polaris Rzr Pro R, Polaris Factory Racing Brasil \/ Cotton Racing, (1)UPR, 01h43m04s25<\/p>\n\n\n\n<p>2) #127 Fabio Pirondi, Can-Am Maverick X3, Cotton Racing, (1)UT1, 01h43m27s14<\/p>\n\n\n\n<p>3) #121 Nuno Fojo, Polaris Rzr Pro R, Polaris Factory Racing Brasil \/ Cotton Racing, (2)UPR, 01h43m29s57<\/p>\n\n\n\n<p>4) #129 Vinicius Castro, Polaris RZR PRO R, C3 Racing, (1)UT2, 01h44m14s24<\/p>\n\n\n\n<p>5) #114 Conrado Matsumoto, Can-Am Maverick X3, Cotton Racing, (2)UT2, 01h44m14s32<\/p>\n\n\n\n<p><strong>.<\/strong><\/p>\n\n\n\n<p><strong>Campeonato Brasileiro de Rally Baja<\/strong><\/p>\n\n\n\n<p>01 a 03\/03 \u2013 Rally Barretos<\/p>\n\n\n\n<p>05 a 07\/04 \u2013 Rally Rota Sudeste<\/p>\n\n\n\n<p>03 a 05\/05 \u2013 Rally Poeira<\/p>\n\n\n\n<p>12 a 14\/07 \u2013 Rally Serra Azul<\/p>\n\n\n\n<p>22 a 24\/11 \u2013 Rally Cuesta<\/p>\n\n\n\n<p>06 a 08\/12 \u2013 Rally Serra Verde<\/p>\n\n\n\n<p>.<\/p>\n\n\n\n<p><strong>Campeonato Brasileiro de Rally Raid<\/strong><\/p>\n\n\n\n<p>01 a 03\/03 \u2013 Rally Barretos<\/p>\n\n\n\n<p>15 a 20\/04 \u2013 Rally RN1500<\/p>\n\n\n\n<p>15 a 18\/05 \u2013 Rally Minas<\/p>\n\n\n\n<p>18 a 22\/06 \u2013 Rally Jalap\u00e3o<\/p>\n\n\n\n<p>23 a 31\/08 \u2013 Rally dos Sert\u00f5es<\/p>\n\n\n\n<p>08 a 12\/10 \u2013 Rally Tocantins<\/p>\n\n\n\n<p><strong>Mais informa\u00e7\u00f5es:<\/strong><\/p>\n\n\n\n<p>Site:&nbsp;<a href=\"http:\/\/www.arenarally.com.br\/\">www.arenarally.com.br<\/a>&nbsp;| www.rallypoeira.com.br<\/p>\n\n\n\n<p>Facebook: www.facebook.com.br\/rallypoeira<\/p>\n\n\n\n<p>Instagram: @areanarally \/ #arenarally<\/p>\n\n\n\n<figure class=\"wp-block-image size-large\"><img loading=\"lazy\" decoding=\"async\" width=\"1024\" height=\"683\" src=\"http:\/\/arenarally.com.br\/arena\/wp-content\/uploads\/2024\/05\/WhatsApp-Image-2024-05-03-at-18.39.43-1-1024x683.jpeg\" alt=\"\" class=\"wp-image-622\" srcset=\"https:\/\/arenarally.com.br\/arena\/wp-content\/uploads\/2024\/05\/WhatsApp-Image-2024-05-03-at-18.39.43-1-1024x683.jpeg 1024w, https:\/\/arenarally.com.br\/arena\/wp-content\/uploads\/2024\/05\/WhatsApp-Image-2024-05-03-at-18.39.43-1-300x200.jpeg 300w, https:\/\/arenarally.com.br\/arena\/wp-content\/uploads\/2024\/05\/WhatsApp-Image-2024-05-03-at-18.39.43-1-768x512.jpeg 768w, https:\/\/arenarally.com.br\/arena\/wp-content\/uploads\/2024\/05\/WhatsApp-Image-2024-05-03-at-18.39.43-1-1536x1024.jpeg 1536w, https:\/\/arenarally.com.br\/arena\/wp-content\/uploads\/2024\/05\/WhatsApp-Image-2024-05-03-at-18.39.43-1.jpeg 1600w\" sizes=\"auto, (max-width: 1024px) 100vw, 1024px\" \/><\/figure>\n\n\n\n<p><strong>Consultoria de Comunica\u00e7\u00e3o e Assessoria<\/strong><\/p>\n\n\n\n<p>SIG Comunica\u00e7\u00e3o | sig@sigcomunicacao.com.br<\/p>\n\n\n\n<p>Silvana Grezzana Santos | +55 (11) 999.726.966<\/p>\n\n\n\n<p>www.sigcomunicacao.com.br<\/p>\n\n\n\n<p>Cr\u00e9dito: PhotoAction<\/p>\n","protected":false},"excerpt":{"rendered":"<p>Neste s\u00e1bado, no interior paulista, competidores das categorias motocicletas e UTVs participaram do pr\u00f3logo e da primeira especial cronometrada. O evento prossegue neste domingo e prev\u00ea premia\u00e7\u00e3o \u00e0s 14 horas Ara\u00e7atuba (SP)&nbsp;\u2013 Com roteiro divertido, muito calor e poeira, curvas fechadas, obst\u00e1culos diversos e supera\u00e7\u00e3o foi tom das primeiras atividades do 6\u00ba Rally Poeira que [&hellip;]<\/p>\n","protected":false},"author":2,"featured_media":624,"comment_status":"closed","ping_status":"closed","sticky":false,"template":"","format":"standard","meta":{"footnotes":""},"categories":[1],"tags":[],"class_list":["post-620","post","type-post","status-publish","format-standard","has-post-thumbnail","hentry","category-sem-categoria"],"_links":{"self":[{"href":"https:\/\/arenarally.com.br\/arena\/wp-json\/wp\/v2\/posts\/620","targetHints":{"allow":["GET"]}}],"collection":[{"href":"https:\/\/arenarally.com.br\/arena\/wp-json\/wp\/v2\/posts"}],"about":[{"href":"https:\/\/arenarally.com.br\/arena\/wp-json\/wp\/v2\/types\/post"}],"author":[{"embeddable":true,"href":"https:\/\/arenarally.com.br\/arena\/wp-json\/wp\/v2\/users\/2"}],"replies":[{"embeddable":true,"href":"https:\/\/arenarally.com.br\/arena\/wp-json\/wp\/v2\/comments?post=620"}],"version-history":[{"count":1,"href":"https:\/\/arenarally.com.br\/arena\/wp-json\/wp\/v2\/posts\/620\/revisions"}],"predecessor-version":[{"id":625,"href":"https:\/\/arenarally.com.br\/arena\/wp-json\/wp\/v2\/posts\/620\/revisions\/625"}],"wp:featuredmedia":[{"embeddable":true,"href":"https:\/\/arenarally.com.br\/arena\/wp-json\/wp\/v2\/media\/624"}],"wp:attachment":[{"href":"https:\/\/arenarally.com.br\/arena\/wp-json\/wp\/v2\/media?parent=620"}],"wp:term":[{"taxonomy":"category","embeddable":true,"href":"https:\/\/arenarally.com.br\/arena\/wp-json\/wp\/v2\/categories?post=620"},{"taxonomy":"post_tag","embeddable":true,"href":"https:\/\/arenarally.com.br\/arena\/wp-json\/wp\/v2\/tags?post=620"}],"curies":[{"name":"wp","href":"https:\/\/api.w.org\/{rel}","templated":true}]}}