{"id":626,"date":"2024-05-05T14:03:21","date_gmt":"2024-05-05T17:03:21","guid":{"rendered":"https:\/\/arenarally.com.br\/arena\/?p=626"},"modified":"2024-05-05T14:03:22","modified_gmt":"2024-05-05T17:03:22","slug":"rally-poeira-francine-rossi-motos-e-marcus-cotton-utv-sao-os-campeoes-da-6a-edicao","status":"publish","type":"post","link":"https:\/\/arenarally.com.br\/arena\/rally-poeira-francine-rossi-motos-e-marcus-cotton-utv-sao-os-campeoes-da-6a-edicao\/","title":{"rendered":"Rally Poeira: Francine Rossi (Motos) e Marcus Cotton (UTV) s\u00e3o os campe\u00f5es da 6\u00aa edi\u00e7\u00e3o"},"content":{"rendered":"\n<p><em>Evento que movimentou a cidade de Ara\u00e7atuba, interior paulista, foi v\u00e1lido pelo Campeonato Brasileiro de Rally Baja e teve disputas intensas. Pr\u00f3xima realiza\u00e7\u00e3o da Arena Eventos ser\u00e1 o Rally Jalap\u00e3o, de 17 a 22 de junho.<\/em><\/p>\n\n\n\n<p><strong>Ara\u00e7atuba (SP)<\/strong>&nbsp;\u2013 Palco do Rally Poeira, integrante do calend\u00e1rio do Campeonato Brasileiro de Rally Baja (5\u00aa e 6\u00aa etapas), a regi\u00e3o de Ara\u00e7atuba (SP) teve um dia de forte calor e disputas tamb\u00e9m em alta temperatura. Neste cen\u00e1rio, o piloto Francine Rossi (Motos) venceu os dois dias de provas e o t\u00edtulo da sexta edi\u00e7\u00e3o do evento, somando pontos importantes para a busca do t\u00edtulo do campeonato nacional. Marcus Cotton com uma vit\u00f3ria e um sexto lugar subiu no lugar mais alto do p\u00f3dio entre os UTVs.<\/p>\n\n\n\n<figure class=\"wp-block-image size-large\"><img loading=\"lazy\" decoding=\"async\" width=\"1024\" height=\"682\" src=\"http:\/\/arenarally.com.br\/arena\/wp-content\/uploads\/2024\/05\/WhatsApp-Image-2024-05-05-at-09.50.53-1024x682.jpeg\" alt=\"\" class=\"wp-image-629\" srcset=\"https:\/\/arenarally.com.br\/arena\/wp-content\/uploads\/2024\/05\/WhatsApp-Image-2024-05-05-at-09.50.53-1024x682.jpeg 1024w, https:\/\/arenarally.com.br\/arena\/wp-content\/uploads\/2024\/05\/WhatsApp-Image-2024-05-05-at-09.50.53-300x200.jpeg 300w, https:\/\/arenarally.com.br\/arena\/wp-content\/uploads\/2024\/05\/WhatsApp-Image-2024-05-05-at-09.50.53-768x512.jpeg 768w, https:\/\/arenarally.com.br\/arena\/wp-content\/uploads\/2024\/05\/WhatsApp-Image-2024-05-05-at-09.50.53.jpeg 1280w\" sizes=\"auto, (max-width: 1024px) 100vw, 1024px\" \/><\/figure>\n\n\n\n<p>Foram duas voltas de disputas acirradas e um pr\u00f3logo, em dois dias de provas, totalizando pouco mais de 273,42 quil\u00f4metros, sendo 225,82 deles em especiais. O percurso foi em paisagens ao entorno da cidade de Ara\u00e7atuba e em canaviais, em trechos arenosos, s\u00e3o batido e lombadas, deu pra levantar muita poeira, fazendo jus ao nome da prova.<\/p>\n\n\n\n<figure class=\"wp-block-image size-large\"><img loading=\"lazy\" decoding=\"async\" width=\"1024\" height=\"675\" src=\"http:\/\/arenarally.com.br\/arena\/wp-content\/uploads\/2024\/05\/WhatsApp-Image-2024-05-05-at-13.44.34-1024x675.jpeg\" alt=\"\" class=\"wp-image-630\" srcset=\"https:\/\/arenarally.com.br\/arena\/wp-content\/uploads\/2024\/05\/WhatsApp-Image-2024-05-05-at-13.44.34-1024x675.jpeg 1024w, https:\/\/arenarally.com.br\/arena\/wp-content\/uploads\/2024\/05\/WhatsApp-Image-2024-05-05-at-13.44.34-300x198.jpeg 300w, https:\/\/arenarally.com.br\/arena\/wp-content\/uploads\/2024\/05\/WhatsApp-Image-2024-05-05-at-13.44.34-768x506.jpeg 768w, https:\/\/arenarally.com.br\/arena\/wp-content\/uploads\/2024\/05\/WhatsApp-Image-2024-05-05-at-13.44.34-1536x1013.jpeg 1536w, https:\/\/arenarally.com.br\/arena\/wp-content\/uploads\/2024\/05\/WhatsApp-Image-2024-05-05-at-13.44.34.jpeg 1600w\" sizes=\"auto, (max-width: 1024px) 100vw, 1024px\" \/><\/figure>\n\n\n\n<p>\u201cUm desafio digno de um verdadeiro rally baja. Entendemos os desafios e conseguimos transpor com saldo super positivo. Estou muito feliz! Quem n\u00e3o veio deve vir no pr\u00f3ximo\u201d, afirma Francine Rossi que comanda o Kawasaki Kx 450 Xc (#1).<\/p>\n\n\n\n<figure class=\"wp-block-image size-large\"><img loading=\"lazy\" decoding=\"async\" width=\"1024\" height=\"683\" src=\"http:\/\/arenarally.com.br\/arena\/wp-content\/uploads\/2024\/05\/WhatsApp-Image-2024-05-04-at-19.07.31-1024x683.jpeg\" alt=\"\" class=\"wp-image-628\" srcset=\"https:\/\/arenarally.com.br\/arena\/wp-content\/uploads\/2024\/05\/WhatsApp-Image-2024-05-04-at-19.07.31-1024x683.jpeg 1024w, https:\/\/arenarally.com.br\/arena\/wp-content\/uploads\/2024\/05\/WhatsApp-Image-2024-05-04-at-19.07.31-300x200.jpeg 300w, https:\/\/arenarally.com.br\/arena\/wp-content\/uploads\/2024\/05\/WhatsApp-Image-2024-05-04-at-19.07.31-768x512.jpeg 768w, https:\/\/arenarally.com.br\/arena\/wp-content\/uploads\/2024\/05\/WhatsApp-Image-2024-05-04-at-19.07.31-1536x1024.jpeg 1536w, https:\/\/arenarally.com.br\/arena\/wp-content\/uploads\/2024\/05\/WhatsApp-Image-2024-05-04-at-19.07.31.jpeg 1600w\" sizes=\"auto, (max-width: 1024px) 100vw, 1024px\" \/><\/figure>\n\n\n\n<p>&nbsp;Marcus Cotton esteve a bordo do Polaris Factory Racing Brasil (#101). \u201cUm final de semana perfeito para n\u00f3s e para a equipe. Conseguimos fazer uma prova limpa. A estrat\u00e9gia deu certo, garantimos o t\u00edtulo do Rally Poeira. Estou satisfeito com a conquista\u201d, declara o paulista que comp\u00f5e a equipe Cotton Racing.<\/p>\n\n\n\n<figure class=\"wp-block-image size-large\"><img loading=\"lazy\" decoding=\"async\" width=\"1024\" height=\"683\" src=\"http:\/\/arenarally.com.br\/arena\/wp-content\/uploads\/2024\/05\/WhatsApp-Image-2024-05-05-at-13.54.50-1024x683.jpeg\" alt=\"\" class=\"wp-image-632\" srcset=\"https:\/\/arenarally.com.br\/arena\/wp-content\/uploads\/2024\/05\/WhatsApp-Image-2024-05-05-at-13.54.50-1024x683.jpeg 1024w, https:\/\/arenarally.com.br\/arena\/wp-content\/uploads\/2024\/05\/WhatsApp-Image-2024-05-05-at-13.54.50-300x200.jpeg 300w, https:\/\/arenarally.com.br\/arena\/wp-content\/uploads\/2024\/05\/WhatsApp-Image-2024-05-05-at-13.54.50-768x512.jpeg 768w, https:\/\/arenarally.com.br\/arena\/wp-content\/uploads\/2024\/05\/WhatsApp-Image-2024-05-05-at-13.54.50-1536x1024.jpeg 1536w, https:\/\/arenarally.com.br\/arena\/wp-content\/uploads\/2024\/05\/WhatsApp-Image-2024-05-05-at-13.54.50.jpeg 1600w\" sizes=\"auto, (max-width: 1024px) 100vw, 1024px\" \/><\/figure>\n\n\n\n<p>A cerim\u00f4nia de premia\u00e7\u00e3o do evento aconteceu no Recinto de Exposi\u00e7\u00f5es Clibas de Almeida Prado de Ara\u00e7atuba.<\/p>\n\n\n\n<p>O quarto encontro do Campeonato Brasileiro de Rally Baja ser\u00e1 o Rally&nbsp;Cuesta&nbsp;nos dias&nbsp;12 a 14 de julho.<\/p>\n\n\n\n<p>A 6\u00aa edi\u00e7\u00e3o do Rally Poeira \u00e9 uma realiza\u00e7\u00e3o da Arena Promo\u00e7\u00f5es e Eventos e t\u00eam a supervis\u00e3o da CBM &#8211; Confedera\u00e7\u00e3o Brasileira de Motociclismo. A prova conta com o patroc\u00ednio da Prefeitura Municipal de Ara\u00e7atuba, atrav\u00e9s das Secretarias de Esporte e Turismo e apoio do C6 Bank e Anube.<\/p>\n\n\n\n<p><strong>Resultado do segundo dia de disputas:<\/strong><\/p>\n\n\n\n<p><strong>MOTOS<\/strong><\/p>\n\n\n\n<p>1) #1 Francine Rossi, Kawasaki Kx 450 Xc, Rossi Rally Team, (1)MT1, 01h44m24s74<\/p>\n\n\n\n<p>2) #23 Rafael Silvestre, Gasgas 450, (1)MT3, 01h45m:40s09<\/p>\n\n\n\n<p>3) #11 Luiz Menuzzo, Husqvarna Fe 501, Bianchini Rally, (1)MOV, 01h47m52s85<\/p>\n\n\n\n<p>4) #7 Cesar Bogo, Husqvarna Fe 501, Bianchini Rally, (1)MT2, 01h48m05s80<\/p>\n\n\n\n<p>5) #2 Andres Suarez, Husqvarna Fe 501, Bianchini Rally &#8211; Xamusk Prepara\u00e7\u00f5es, (2)MT2, 01h48m05s80<\/p>\n\n\n\n<p>.<\/p>\n\n\n\n<p><strong>UTVS<\/strong><\/p>\n\n\n\n<p>1) #103 Guilherme Cysne, Polaris Rzr Pro R, Gc Rally Team \/ Polaris Racing Brasil, (2)UT1, 01h37m10s37<\/p>\n\n\n\n<p>2) #114 Conrado Matsumoto, Can-Am Maverick X3, Cotton Racing, (1)UT2, 01h37m20s86<\/p>\n\n\n\n<p>3) #116 Rodrigo Matsumoto, Can-Am Maverick X3, Cotton Racing, (1)UT3, 01h37m34s59<\/p>\n\n\n\n<p>4) #123 Kaique Bentivoglio, Polaris Rzr Pro R, Polaris One, (2)UT1, 01h37m36s66<\/p>\n\n\n\n<p>5) #127 Fabio Pirondi, Can-Am Maverick X3, Cotton Racing, (1)UT1, 01h38m06s96<\/p>\n\n\n\n<p><strong>Classifica\u00e7\u00e3o acumulada do Rally Poeira, ap\u00f3s pr\u00f3logo + SS1 + SS2:<\/strong><\/p>\n\n\n\n<p><strong>MOTOS<\/strong><\/p>\n\n\n\n<p>1) #1 Francine Rossi, Kawasaki Kx 450 Xc, Rossi Rally Team, (1)MT1, 01h49m43s52<\/p>\n\n\n\n<p>2) #23 Rafael Silvestre, Gasgas 450, (1)MT3, 03h37m10s07<\/p>\n\n\n\n<p>3) #11 Luiz Menuzzo, Husqvarna Fe 501, Bianchini Rally, (1)MOV, 03h40m21s56<\/p>\n\n\n\n<p>4) #7 Cesar Bogo, Husqvarna Fe 501, Bianchini Rally, (1)MT2, 03h46m39s73<\/p>\n\n\n\n<p>5) #2 Andres Suarez, Husqvarna Fe 501, Bianchini Rally &#8211; Xamusk Prepara\u00e7\u00f5es, (1)MT2, 03h50m39s48<\/p>\n\n\n\n<p>.<\/p>\n\n\n\n<p><strong>UTVS<\/strong><\/p>\n\n\n\n<p>1) #108 Marcus Cotton, Polaris Rzr Pro R, Polaris Factory Racing Brasil \/ Cotton Racing, (1)UPR, 03:21:26.21<\/p>\n\n\n\n<p>2) #127 Fabio Pirondi, Can-Am Maverick X3, Cotton Racing, (1)UT1, 03:21:34.10<\/p>\n\n\n\n<p>3) #103 Guilherme Cysne, Polaris Rzr Pro R, Gc Rally Team \/ Polaris Racing Brasil, (2)UT1, 03h21m50s33<\/p>\n\n\n\n<p>4) #116 Rodrigo Matsumoto, Can-Am Maverick X3, Cotton Racing, (1)UT3, 03h23m38s33<\/p>\n\n\n\n<p>5) #124 Jorge Wagenfuhr, Polaris Rzr Pro R, Lifesil \/ Mrp Performance, (1)U45, 03h24m34s51<\/p>\n\n\n\n<p><strong>Resultados completos:&nbsp;<em><a href=\"https:\/\/chronosat.com.br\/novo\/2408-poeira.html\">https:\/\/chronosat.com.br\/novo\/2408-poeira.html<\/a><\/em><\/strong><\/p>\n\n\n\n<p><strong>.<\/strong><\/p>\n\n\n\n<p><strong>Campeonato Brasileiro de Rally Baja<\/strong><\/p>\n\n\n\n<p>01 a 03\/03 \u2013 Rally Barretos<\/p>\n\n\n\n<p>05 a 07\/04 \u2013 Rally Rota Sudeste<\/p>\n\n\n\n<p>03 a 05\/05 \u2013 Rally Poeira<\/p>\n\n\n\n<p>12 a 14\/07 \u2013 Rally Cuesta (Botucatu)<\/p>\n\n\n\n<p>22 a 24\/11 \u2013 Rally Serra Azul<\/p>\n\n\n\n<p>06 a 08\/12 \u2013 Rally Serra Verde<\/p>\n\n\n\n<p>.<\/p>\n\n\n\n<p><strong>Campeonato Brasileiro de Rally Raid<\/strong><\/p>\n\n\n\n<p>01 a 03\/03 \u2013 Rally Barretos<\/p>\n\n\n\n<p>15 a 20\/04 \u2013 Rally RN1500<\/p>\n\n\n\n<p>15 a 18\/05 \u2013 Rally Minas<\/p>\n\n\n\n<p>18 a 22\/06 \u2013 Rally Jalap\u00e3o (Palmas \/S\u00e3o F\u00e9lix do Tocantins)<\/p>\n\n\n\n<p>23 a 31\/08 \u2013 Rally dos Sert\u00f5es<\/p>\n\n\n\n<p>08 a 12\/10 \u2013 Rally Tocantins<\/p>\n\n\n\n<p>.<\/p>\n\n\n\n<p><strong>Mais informa\u00e7\u00f5es:<\/strong><\/p>\n\n\n\n<p>Site:&nbsp;<a href=\"http:\/\/www.arenarally.com.br\/\">www.arenarally.com.br<\/a>&nbsp;| www.rallypoeira.com.br<\/p>\n\n\n\n<p>Facebook: www.facebook.com.br\/rallypoeira<\/p>\n\n\n\n<p>Instagram: @areanarally \/ #arenarally<\/p>\n\n\n\n<p>.<\/p>\n\n\n\n<p><strong>Consultoria de Comunica\u00e7\u00e3o e Assessoria<\/strong><\/p>\n\n\n\n<p>SIG Comunica\u00e7\u00e3o | sig@sigcomunicacao.com.br<\/p>\n\n\n\n<p>Silvana Grezzana Santos | +55 (11) 999.726.966<\/p>\n\n\n\n<p>www.sigcomunicacao.com.br<\/p>\n\n\n\n<p>Cr\u00e9dito: PhotoAction<\/p>\n","protected":false},"excerpt":{"rendered":"<p>Evento que movimentou a cidade de Ara\u00e7atuba, interior paulista, foi v\u00e1lido pelo Campeonato Brasileiro de Rally Baja e teve disputas intensas. Pr\u00f3xima realiza\u00e7\u00e3o da Arena Eventos ser\u00e1 o Rally Jalap\u00e3o, de 17 a 22 de junho. Ara\u00e7atuba (SP)&nbsp;\u2013 Palco do Rally Poeira, integrante do calend\u00e1rio do Campeonato Brasileiro de Rally Baja (5\u00aa e 6\u00aa etapas), [&hellip;]<\/p>\n","protected":false},"author":2,"featured_media":624,"comment_status":"closed","ping_status":"closed","sticky":false,"template":"","format":"standard","meta":{"footnotes":""},"categories":[1],"tags":[],"class_list":["post-626","post","type-post","status-publish","format-standard","has-post-thumbnail","hentry","category-sem-categoria"],"_links":{"self":[{"href":"https:\/\/arenarally.com.br\/arena\/wp-json\/wp\/v2\/posts\/626","targetHints":{"allow":["GET"]}}],"collection":[{"href":"https:\/\/arenarally.com.br\/arena\/wp-json\/wp\/v2\/posts"}],"about":[{"href":"https:\/\/arenarally.com.br\/arena\/wp-json\/wp\/v2\/types\/post"}],"author":[{"embeddable":true,"href":"https:\/\/arenarally.com.br\/arena\/wp-json\/wp\/v2\/users\/2"}],"replies":[{"embeddable":true,"href":"https:\/\/arenarally.com.br\/arena\/wp-json\/wp\/v2\/comments?post=626"}],"version-history":[{"count":1,"href":"https:\/\/arenarally.com.br\/arena\/wp-json\/wp\/v2\/posts\/626\/revisions"}],"predecessor-version":[{"id":633,"href":"https:\/\/arenarally.com.br\/arena\/wp-json\/wp\/v2\/posts\/626\/revisions\/633"}],"wp:featuredmedia":[{"embeddable":true,"href":"https:\/\/arenarally.com.br\/arena\/wp-json\/wp\/v2\/media\/624"}],"wp:attachment":[{"href":"https:\/\/arenarally.com.br\/arena\/wp-json\/wp\/v2\/media?parent=626"}],"wp:term":[{"taxonomy":"category","embeddable":true,"href":"https:\/\/arenarally.com.br\/arena\/wp-json\/wp\/v2\/categories?post=626"},{"taxonomy":"post_tag","embeddable":true,"href":"https:\/\/arenarally.com.br\/arena\/wp-json\/wp\/v2\/tags?post=626"}],"curies":[{"name":"wp","href":"https:\/\/api.w.org\/{rel}","templated":true}]}}