{"id":652,"date":"2024-06-12T19:34:39","date_gmt":"2024-06-12T22:34:39","guid":{"rendered":"https:\/\/arenarally.com.br\/arena\/?p=652"},"modified":"2024-06-12T19:41:15","modified_gmt":"2024-06-12T22:41:15","slug":"rally-jalapao-2024-tera-inicio-na-proxima-segunda-feira-em-palmas-to","status":"publish","type":"post","link":"https:\/\/arenarally.com.br\/arena\/rally-jalapao-2024-tera-inicio-na-proxima-segunda-feira-em-palmas-to\/","title":{"rendered":"Rally Jalap\u00e3o 2024 ter\u00e1 in\u00edcio na pr\u00f3xima segunda-feira em Palmas (TO)"},"content":{"rendered":"\n<p><em>Evento acontece nos dias 17 a 22 de junho, com largada e chegada em Palmas e ter\u00e1 passagem por Lizarda e S\u00e3o F\u00e9lix no Tocantins. A abertura oficial do evento ser\u00e1 na ter\u00e7a-feira, 18, no Capim Dourado Shopping, a partir das 20 horas<\/em><\/p>\n\n\n\n<p><strong>Palmas, TO<\/strong>&nbsp;&#8211;&nbsp;A edi\u00e7\u00e3o comemorativa de 10 anos doRally Jalap\u00e3o ter\u00e1 cinco&nbsp;dias de disputas, mas a maior novidade deste ano ser\u00e1 o roteiro. O percurso contemplar\u00e1 aproximadamente 1.500 quil\u00f4metros, destes, aproximadamente 800 quil\u00f4metros de trechos cronometrados -, em quatro dias de provas, contemplando trechos in\u00e9ditos e 90% em piso de areia, entre os dias 17 a 22 de junho.<\/p>\n\n\n\n<p>O evento atrai as principais equipes do pa\u00eds das categorias carros, motos e UTVs, que prometem acelerar fundo, em busca de pontos v\u00e1lidos para o Campeonato Brasileiro de Rally Raid (CBM e CBA). Os 70 pilotos e navegadores inscritos at\u00e9 o momento para a edi\u00e7\u00e3o 2024 enfrentar\u00e3o uma prova dura, com muita pi\u00e7arra, trilhas, estradinhas de fazendas, muita areia e trechos de alta velocidade.<\/p>\n\n\n\n<p>Entre as atividades oficiais est\u00e3o os atrativos paralelos para o p\u00fablico presente como o pr\u00f3logo, a largada promocional com a realiza\u00e7\u00e3o da abertura oficial do evento e apresenta\u00e7\u00e3o do elenco da prova. Al\u00e9m da cerim\u00f4nia de premia\u00e7\u00e3o e show na Praia da Graciosa.<\/p>\n\n\n\n<p>A partir do dia 16 de junho, o Centro de Conven\u00e7\u00f5es, localizado Parque do Povo &#8211; \u00c1rea Verde 406 Sul, Av. NS 10, s\/n &#8211; Plano Diretor Sul, em Palmas (TO), abrir\u00e1 as portas para que as equipes montem seus boxes no parque de apoio e no mesmo local acontecer\u00e1 toda a programa\u00e7\u00e3o oficial pr\u00e9via a largada como secretaria de prova e vistorias e shakedown &#8211; treino para que as equipes possam finalizar o preparo dos ve\u00edculos e equipamentos de competi\u00e7\u00e3o.<\/p>\n\n\n\n<p>Na ter\u00e7a-feira (18), o Capim Dourado Shopping receber\u00e1 o Rally Jalap\u00e3o. O pr\u00f3logo de 5,9 quil\u00f4metros montado circuito montado pr\u00f3ximo ao cemit\u00e9rio de Palmas est\u00e1 marcado para as 13 horas e na sequ\u00eancia os carros ir\u00e3o para o parque fechado localizado no estacionamento. O briefing para os quatro dias de provas come\u00e7am a partir das 18 horas e a largada promocional ocorre \u00e0s 20 horas com a presen\u00e7a do p\u00fablico, imprensa e autoridades locais.<\/p>\n\n\n\n<p>Na quarta-feira, 19, haver\u00e1 a largada da primeira de quatro etapas da edi\u00e7\u00e3o 2024, com destino a cidade de S\u00e3o F\u00e9lix\/TO. De quinta-feira, 20, a s\u00e1bado, 22, a caravana permanece em acampamento em S\u00e3o F\u00e9lix\/TO, onde as etapas ser\u00e3o em formato de la\u00e7os. J\u00e1 no s\u00e1bado, a quarta etapa parte de S\u00e3o F\u00e9lix para a etapa final e chegada em Palmas\/TO.&nbsp; O encerramento do evento com a premia\u00e7\u00e3o que contemplar\u00e1 os competidores com trof\u00e9us para os cinco primeiros colocados na Praia da Graciosa.<\/p>\n\n\n\n<p>O Rally Jalap\u00e3o \u00e9 uma realiza\u00e7\u00e3o de Arena Promo\u00e7\u00f5es e Eventos, tem patroc\u00ednio do C6 Bank, FF Motorsport e CCR Aeroportos, apoio do Capim Dourado Shopping, Governo do Tocantins, Prefeitura Municipal de Palmas, Prefeitura Municipal de S\u00e3o F\u00e9lix do Tocantins, Unicom, Adventure Campers, Resgate das Dunas, SiG Comunica\u00e7\u00e3o, PhotoAction,&nbsp; Imperial Filmes, DFotos, Fofo Esportes, Rally BR e Sanderson Pereira V\u00eddeos. A supervis\u00e3o \u00e9 da CBM &#8211; Confedera\u00e7\u00e3o Brasileira de Motociclismo e CBA \u2013 Confedera\u00e7\u00e3o Brasileira de Automobilismo.<\/p>\n\n\n\n<p>Para mais informa\u00e7\u00f5es acesse o site www.arenarally.com.br. Acompanhe a etapa nas redes sociais pelo Instagram @arenarally e @rallyjalapao. A cronometragem ficar\u00e1 a cargo da Chronosat (www.chronosat.com.br).<\/p>\n\n\n\n<p><strong>CONFIRA A PROGRAMA\u00c7\u00c3O RALLY JALAP\u00c3O 2024:<\/strong><\/p>\n\n\n\n<p><strong>16\/06 \u2013 Domingo<\/strong><\/p>\n\n\n\n<p>Abertura da \u00e1rea box<\/p>\n\n\n\n<p>Local &#8211; Centro de Conven\u00e7\u00f5es \u2013 Palmas\/TO<\/p>\n\n\n\n<p><strong>17\/06 \u2013 Segunda-feira<\/strong><\/p>\n\n\n\n<p>09h00 \u00e0s 12h00 &#8211; Secretaria de Prova, entrega do Stella.<\/p>\n\n\n\n<p>14h00 \u00e0s 18h00 &#8211; Secretaria de Prova, entrega do Stella.<\/p>\n\n\n\n<p>Local &#8211; Centro de Conven\u00e7\u00f5es.<\/p>\n\n\n\n<p>Shakedown:<\/p>\n\n\n\n<p>14h00 \u00e0s 15h00 &#8211; Carros<\/p>\n\n\n\n<p>15h00 \u00e0s 18h00 &#8211; Utvs<\/p>\n\n\n\n<p>17h00 \u00e0s 21h00 &#8211; Vistorias CBM e CBA e Stella.<\/p>\n\n\n\n<p>Local &#8211; Centro de Conven\u00e7\u00f5es.<\/p>\n\n\n\n<p><strong>18\/06 \u2013 Ter\u00e7a-feira<\/strong><\/p>\n\n\n\n<p>09h00 \u00e0s 10h00 \u2013 Vistorias com multa<\/p>\n\n\n\n<p>13h00 \u2013 Pr\u00f3logo (DI &#8211; 6 km | SS &#8211; 5,90 km | DF &#8211; 6,3 km)<\/p>\n\n\n\n<p>Local: circuito montado pr\u00f3ximo ao cemit\u00e9rio de Palmas<\/p>\n\n\n\n<p>17h00 \u00e0s 18h00 &#8211; Parque Fechado<\/p>\n\n\n\n<p>Local &#8211; Capim Dourado Shopping<\/p>\n\n\n\n<p>18h00 \u2013 Briefing equipes de apoio<\/p>\n\n\n\n<p>19h00 &#8211; Briefing geral<\/p>\n\n\n\n<p>Local &#8211; Capim Dourado Shopping<\/p>\n\n\n\n<p>20h00 \u2013 Largada promocional<\/p>\n\n\n\n<p>Local \u2013 Capim Dourado Shopping<\/p>\n\n\n\n<p><strong>19\/06 \u2013 Quarta-feira \u2013 ETAPA 1<\/strong><\/p>\n\n\n\n<p>Palmas (TO) \/ S\u00e3o F\u00e9lix do Tocantins (TO)<\/p>\n\n\n\n<p>DI &#8211; 175 km | SS &#8211; 191 km | DF &#8211; 2 km<\/p>\n\n\n\n<p>20h00 &#8211; Briefing<\/p>\n\n\n\n<p><strong>20\/06 \u2013 Quinta-feira \u2013 ETAPA 2<\/strong><\/p>\n\n\n\n<p>S\u00e3o F\u00e9lix do Tocantins (TO) \/ S\u00e3o Felix do Tocantins (TO)<\/p>\n\n\n\n<p>DI &#8211; 20,50 km | SS &#8211; 216 km |DF &#8211; 2 km<\/p>\n\n\n\n<p>20h00 &#8211; Briefing<\/p>\n\n\n\n<p><strong>21\/06 \u2013 Sexta-feira \u2013 ETAPA 3<\/strong><\/p>\n\n\n\n<p>S\u00e3o Felix do Tocantins (TO) \/ S\u00e3o Felix do Tocantins (TO)<\/p>\n\n\n\n<p>DI &#8211; 10,80 km | SS &#8211; 249 km | DF &#8211; 6,27 km<\/p>\n\n\n\n<p>20h00 &#8211; Briefing<\/p>\n\n\n\n<p><strong>22\/06 \u2013 S\u00e1bado \u2013 ETAPA 4<\/strong><\/p>\n\n\n\n<p>S\u00e3o Felix do Tocantins (TO) \/ Palmas (TO)<\/p>\n\n\n\n<p>DI &#8211; 13,9 km | SS &#8211; 178 km | DF &#8211; 187 km<\/p>\n\n\n\n<p>Parque fechado \u2013 Praia da Graciosa em Palmas (TO)<\/p>\n\n\n\n<p>Chegada: a partir das 13 horas<\/p>\n\n\n\n<p>A partir das 19h00 \u2013 Cerim\u00f4nia de Premia\u00e7\u00e3o e show<\/p>\n\n\n\n<p>Local: Praia da Graciosa em Palmas (TO)<\/p>\n\n\n\n<p>.<\/p>\n\n\n\n<p><strong>Consultoria e Assessoria de Comunica\u00e7\u00e3o:<\/strong><\/p>\n\n\n\n<p>SIG Comunica\u00e7\u00e3o | sig@sigcomunicacao.com.br<\/p>\n\n\n\n<p>Silvana Grezzana Santos | (11) 999.726.966<\/p>\n\n\n\n<p>www.sigcomunicacao.com.br<\/p>\n\n\n\n<figure class=\"wp-block-image size-full\"><img loading=\"lazy\" decoding=\"async\" width=\"600\" height=\"400\" src=\"http:\/\/arenarally.com.br\/arena\/wp-content\/uploads\/2024\/06\/template-rodape-2024.jpg\" alt=\"\" class=\"wp-image-657\" srcset=\"https:\/\/arenarally.com.br\/arena\/wp-content\/uploads\/2024\/06\/template-rodape-2024.jpg 600w, https:\/\/arenarally.com.br\/arena\/wp-content\/uploads\/2024\/06\/template-rodape-2024-300x200.jpg 300w\" sizes=\"auto, (max-width: 600px) 100vw, 600px\" \/><\/figure>\n","protected":false},"excerpt":{"rendered":"<p>Evento acontece nos dias 17 a 22 de junho, com largada e chegada em Palmas e ter\u00e1 passagem por Lizarda e S\u00e3o F\u00e9lix no Tocantins. A abertura oficial do evento ser\u00e1 na ter\u00e7a-feira, 18, no Capim Dourado Shopping, a partir das 20 horas Palmas, TO&nbsp;&#8211;&nbsp;A edi\u00e7\u00e3o comemorativa de 10 anos doRally Jalap\u00e3o ter\u00e1 cinco&nbsp;dias de [&hellip;]<\/p>\n","protected":false},"author":2,"featured_media":653,"comment_status":"closed","ping_status":"closed","sticky":false,"template":"","format":"standard","meta":{"footnotes":""},"categories":[1],"tags":[],"class_list":["post-652","post","type-post","status-publish","format-standard","has-post-thumbnail","hentry","category-sem-categoria"],"_links":{"self":[{"href":"https:\/\/arenarally.com.br\/arena\/wp-json\/wp\/v2\/posts\/652","targetHints":{"allow":["GET"]}}],"collection":[{"href":"https:\/\/arenarally.com.br\/arena\/wp-json\/wp\/v2\/posts"}],"about":[{"href":"https:\/\/arenarally.com.br\/arena\/wp-json\/wp\/v2\/types\/post"}],"author":[{"embeddable":true,"href":"https:\/\/arenarally.com.br\/arena\/wp-json\/wp\/v2\/users\/2"}],"replies":[{"embeddable":true,"href":"https:\/\/arenarally.com.br\/arena\/wp-json\/wp\/v2\/comments?post=652"}],"version-history":[{"count":2,"href":"https:\/\/arenarally.com.br\/arena\/wp-json\/wp\/v2\/posts\/652\/revisions"}],"predecessor-version":[{"id":658,"href":"https:\/\/arenarally.com.br\/arena\/wp-json\/wp\/v2\/posts\/652\/revisions\/658"}],"wp:featuredmedia":[{"embeddable":true,"href":"https:\/\/arenarally.com.br\/arena\/wp-json\/wp\/v2\/media\/653"}],"wp:attachment":[{"href":"https:\/\/arenarally.com.br\/arena\/wp-json\/wp\/v2\/media?parent=652"}],"wp:term":[{"taxonomy":"category","embeddable":true,"href":"https:\/\/arenarally.com.br\/arena\/wp-json\/wp\/v2\/categories?post=652"},{"taxonomy":"post_tag","embeddable":true,"href":"https:\/\/arenarally.com.br\/arena\/wp-json\/wp\/v2\/tags?post=652"}],"curies":[{"name":"wp","href":"https:\/\/api.w.org\/{rel}","templated":true}]}}