{"id":659,"date":"2024-06-18T21:32:59","date_gmt":"2024-06-19T00:32:59","guid":{"rendered":"https:\/\/arenarally.com.br\/arena\/?p=659"},"modified":"2024-06-18T21:33:00","modified_gmt":"2024-06-19T00:33:00","slug":"10o-rally-jalapao-define-a-ordem-de-largada-da-etapa-inicial","status":"publish","type":"post","link":"https:\/\/arenarally.com.br\/arena\/10o-rally-jalapao-define-a-ordem-de-largada-da-etapa-inicial\/","title":{"rendered":"10\u00ba Rally Jalap\u00e3o define a ordem de largada da etapa inicial"},"content":{"rendered":"\n<p><em>Prova v\u00e1lida para o Campeonato Brasileiro de Rally Raid partir\u00e1 \u00e0s 7 horas do Centro de Conven\u00e7\u00f5es de Palmas para a largada da primeira das quatro etapas nesta quarta-feira, 19, com destino a S\u00e3o F\u00e9lix do Tocantins (TO). A competi\u00e7\u00e3o prossegue at\u00e9 s\u00e1bado, 22 de junho.<\/em><\/p>\n\n\n\n<p><strong>Palmas, TO<\/strong>&nbsp;\u2013 O Rally Jalap\u00e3o deu a largada nesta ter\u00e7a-feira (18), em Palmas, para a edi\u00e7\u00e3o comemorativa de 10 anos e \u00e9 a 6\u00aa vez que a capital tocantinense sedia uma das provas mais importantes do rali no Brasil. Ao todo, ser\u00e3o 1.500 km de percurso total, sendo 850 km de especiais, no Estado do Tocantins passando por Lizarda e S\u00e3o F\u00e9lix em meio \u00e0s belas paisagens do Jalap\u00e3o. A chegada acontece tamb\u00e9m em Palmas, em 22 de junho (s\u00e1bado), na Praia da Graciosa de Palmas a partir das 14 horas e a cerim\u00f4nia de premia\u00e7\u00e3o ser\u00e1 por volta de 19 horas.<\/p>\n\n\n\n<figure class=\"wp-block-image size-full\"><img loading=\"lazy\" decoding=\"async\" width=\"1024\" height=\"683\" src=\"http:\/\/arenarally.com.br\/arena\/wp-content\/uploads\/2024\/06\/302_00-DoniCastilho-DFOTOS-JP24-4538.jpg\" alt=\"\" class=\"wp-image-663\" srcset=\"https:\/\/arenarally.com.br\/arena\/wp-content\/uploads\/2024\/06\/302_00-DoniCastilho-DFOTOS-JP24-4538.jpg 1024w, https:\/\/arenarally.com.br\/arena\/wp-content\/uploads\/2024\/06\/302_00-DoniCastilho-DFOTOS-JP24-4538-300x200.jpg 300w, https:\/\/arenarally.com.br\/arena\/wp-content\/uploads\/2024\/06\/302_00-DoniCastilho-DFOTOS-JP24-4538-768x512.jpg 768w\" sizes=\"auto, (max-width: 1024px) 100vw, 1024px\" \/><\/figure>\n\n\n\n<p>Depois de muita prepara\u00e7\u00e3o e \u00faltimos ajustes, equipes, pilotos e navegadores da prova que conta pontos para o Campeonato Brasileiro de Rally Raid disputaram hoje o Pr\u00f3logo, que definiu a ordem de largada da competi\u00e7\u00e3o para as Motos, UTVs e Carros. A disputa foi realizada em um circuito montado de 5.640 metros de extens\u00e3o, localizado aos arredores da cidade. E o p\u00fablico teve a oportunidade de acompanhar todo o come\u00e7o das a\u00e7\u00f5es do rali.<\/p>\n\n\n\n<figure class=\"wp-block-image size-full\"><img loading=\"lazy\" decoding=\"async\" width=\"1024\" height=\"683\" src=\"http:\/\/arenarally.com.br\/arena\/wp-content\/uploads\/2024\/06\/001_00-DoniCastilho-DFOTOS-JP24-2530p.jpg\" alt=\"\" class=\"wp-image-661\" srcset=\"https:\/\/arenarally.com.br\/arena\/wp-content\/uploads\/2024\/06\/001_00-DoniCastilho-DFOTOS-JP24-2530p.jpg 1024w, https:\/\/arenarally.com.br\/arena\/wp-content\/uploads\/2024\/06\/001_00-DoniCastilho-DFOTOS-JP24-2530p-300x200.jpg 300w, https:\/\/arenarally.com.br\/arena\/wp-content\/uploads\/2024\/06\/001_00-DoniCastilho-DFOTOS-JP24-2530p-768x512.jpg 768w\" sizes=\"auto, (max-width: 1024px) 100vw, 1024px\" \/><\/figure>\n\n\n\n<p>Ap\u00f3s as disputas preliminares os ve\u00edculos seguiram para o parque fechado e, a partir das 17 horas, permaneceram em exposi\u00e7\u00e3o no Capim Dourado Shopping. A largada promocional com abertura oficial do evento e apresenta\u00e7\u00e3o do elenco, que contar\u00e1 com a presen\u00e7a de autoridades estaduais e municipais, parceiros, p\u00fablico e imprensa, ter\u00e1 in\u00edcio \u00e0s 20h30 no mesmo local.&nbsp;<\/p>\n\n\n\n<figure class=\"wp-block-image size-full\"><img loading=\"lazy\" decoding=\"async\" width=\"1024\" height=\"683\" src=\"http:\/\/arenarally.com.br\/arena\/wp-content\/uploads\/2024\/06\/131_00-DoniCastilho-DFOTOS-JP24-3154.jpg\" alt=\"\" class=\"wp-image-662\" srcset=\"https:\/\/arenarally.com.br\/arena\/wp-content\/uploads\/2024\/06\/131_00-DoniCastilho-DFOTOS-JP24-3154.jpg 1024w, https:\/\/arenarally.com.br\/arena\/wp-content\/uploads\/2024\/06\/131_00-DoniCastilho-DFOTOS-JP24-3154-300x200.jpg 300w, https:\/\/arenarally.com.br\/arena\/wp-content\/uploads\/2024\/06\/131_00-DoniCastilho-DFOTOS-JP24-3154-768x512.jpg 768w\" sizes=\"auto, (max-width: 1024px) 100vw, 1024px\" \/><\/figure>\n\n\n\n<p>Al\u00e9m da largada, a programa\u00e7\u00e3o no Capim Dourado Shopping tamb\u00e9m conta com uma exposi\u00e7\u00e3o de carros, atra\u00e7\u00f5es musicais e op\u00e7\u00f5es gastron\u00f4micas. Outro atrativo \u00e9 a exposi\u00e7\u00e3o de ve\u00edculos do Rally Jalap\u00e3o que iniciou no dia 14 e permanece at\u00e9 o dia 22 de junho nas depend\u00eancias do Aeroporto Internacional de Palmas.<\/p>\n\n\n\n<p>Ao todo, a edi\u00e7\u00e3o conta com 71 ve\u00edculos (13 motos, 51 UTVs, 07 carros), computando 129 participantes (pilotos e navegadores), al\u00e9m das equipes de apoio, t\u00e9cnica, imprensa e organiza\u00e7\u00e3o com 254 pessoas.<\/p>\n\n\n\n<p>Os melhores do dia na disputa contra o rel\u00f3gio foram: nas motocicletas, Adrien Metge (#1\/Yamaha WR 450F); nos UTVs, Jos\u00e9 H\u00e9lio\/J\u00falio Zavatti (#131\/Can-Am Maverick R) e nos carros, Marcos Baumgart\/Beco Andreotti, (#302\/Toyota Hilux GR DKR).<\/p>\n\n\n\n<p>Nesta quarta-feira, 19, haver\u00e1 a largada da primeira de quatro etapas da edi\u00e7\u00e3o 2024, com destino a cidade de S\u00e3o F\u00e9lix\/TO. De quinta-feira, 20, a s\u00e1bado, 22, a caravana permanece em acampamento em S\u00e3o F\u00e9lix\/TO, onde as etapas ser\u00e3o em formato de la\u00e7os. J\u00e1 no s\u00e1bado, a quarta etapa parte de S\u00e3o F\u00e9lix para a etapa final e chegada em Palmas\/TO.&nbsp; O encerramento do evento com a premia\u00e7\u00e3o que contemplar\u00e1 os competidores com trof\u00e9us para os cinco primeiros colocados na Praia da Graciosa.<\/p>\n\n\n\n<p>O Rally Jalap\u00e3o \u00e9 uma realiza\u00e7\u00e3o de Arena Promo\u00e7\u00f5es e Eventos, tem patroc\u00ednio do C6 Bank, FF Motorsport e CCR Aeroportos, apoio do Capim Dourado Shopping, Governo do Tocantins, Prefeitura Municipal de Palmas, Prefeitura Municipal de S\u00e3o F\u00e9lix do Tocantins, Unicom, KTM Tocantins, Adventure Campers, Resgate das Dunas, SiG Comunica\u00e7\u00e3o, PhotoAction,&nbsp; Imperial Filmes, DFotos, Fofo Esportes, Rally BR e Sanderson Pereira V\u00eddeos. A supervis\u00e3o \u00e9 da CBM &#8211; Confedera\u00e7\u00e3o Brasileira de Motociclismo e CBA \u2013 Confedera\u00e7\u00e3o Brasileira de Automobilismo.<\/p>\n\n\n\n<p>Para mais informa\u00e7\u00f5es acesse o site www.arenarally.com.br. Acompanhe a etapa nas redes sociais pelo Instagram @arenarally e @rallyjalapao. A cronometragem ficar\u00e1 a cargo da Chronosat (<a href=\"http:\/\/www.chronosat.com.br\/\">www.chronosat.com.br<\/a>).<\/p>\n\n\n\n<p><strong>Resultado do pr\u00f3logo com a defini\u00e7\u00e3o da ordem de largada da primeira etapa:<\/strong><\/p>\n\n\n\n<p><strong>MOTOS<\/strong><\/p>\n\n\n\n<p>1) #1 ADRIEN METGE, Yamaha WR 450F, Yamaha IMS Rally Team, (1)MT1, 04min16s42<\/p>\n\n\n\n<p>2) #21 MASON KLEIN, Honda CRF 450 RX, Honda Racing Brasil Rally, (2)MT1, 04m27s91<\/p>\n\n\n\n<p>3) #3 GABRIEL SOARES, Honda CRF 450 RX, Honda Racing Brasil Rally, (1)MT2, 04m33s38<\/p>\n\n\n\n<p>4) #4 GABRIEL BRUNING, Yamaha WR 450F, Yamaha IMS Rally Team, (2)MT2, 04m35s93<\/p>\n\n\n\n<p>5) # 2 MARTIN DUPLESSIS, Honda CRF 450 RX, Honda Racing Brasil Rally, (3)MT1, 04m38s59<\/p>\n\n\n\n<p><strong>UTVs<\/strong><\/p>\n\n\n\n<p>1) #131 JOSE HELIO\/JULIO ZAVATTI, Can-Am Maverick R, Casarini Racing, (1)UT1, &nbsp;04m17s23<\/p>\n\n\n\n<p>2) #106 CRISTIANO BATISTA\/ROBLEDO NICOLETTI, Can-Am Maverick X3,<\/p>\n\n\n\n<p>Transm\u00e1quinas Racing, (1)UOP, 04m18s95<\/p>\n\n\n\n<p>3) # 115 TATA XAVIER\/NEURIVAN CALADO, Polaris RZR Pro R, Factory Racing \/ Cotton Racing, (2)UT1, 04m20s59<\/p>\n\n\n\n<p>4) #112 DENISIO CASARINI\/BRENO REZENTE, Can-Am Maverick R, Factory Racing, (3)UT1, 04m21s14<\/p>\n\n\n\n<p>5) #109 TOMAS LUZA\/FLAVIO FRANCA, Polaris RZR Pro R, Cotton Racing,<\/p>\n\n\n\n<p>(4)UT1, 04m21s14<\/p>\n\n\n\n<p><strong>CARROS<\/strong><\/p>\n\n\n\n<p>1) #302 MARCOS BAUMGART\/BECO ANDREOTTI, Toyota Hilux GR DKR, X Rally Team, (1)T1M, 04m19s42<\/p>\n\n\n\n<p>2) #388 GUNTER HINKELMANN\/WEIDNER MOREIRA, Ford Ranger, X Rally Team, (1)T11, 04m21s71<\/p>\n\n\n\n<p>3) # 304 PEDRO QUEIROLO\/LAURO SOBREIRA, Buggy Giaffone V8, R.Mattheis Rally Team, (1)UBR, 04m37s88<\/p>\n\n\n\n<p>4) #365 ALESSANDRO TOZONI\/CRISTINA BORDINI, T-Rex, Faster Rally Team, (2)UBR, 04m50s02<\/p>\n\n\n\n<p>5) # 321 LELIO VIEIRA\/WEBERTH MOREIRA, Can-Am Maverick R, Fifi Rally Team, (1)CHL, 04m53s80<\/p>\n\n\n\n<p><strong><u>Resultados completos:<\/u><\/strong>&nbsp;<a href=\"https:\/\/chronosat.com.br\/novo\/2414-jlp.html\">https:\/\/chronosat.com.br\/novo\/2414-jlp.html<\/a><\/p>\n\n\n\n<p><strong>CONFIRA A PROGRAMA\u00c7\u00c3O RALLY JALAP\u00c3O 2024:<\/strong><\/p>\n\n\n\n<p><strong>18\/06 \u2013 Ter\u00e7a-feira<\/strong><\/p>\n\n\n\n<p>13h00 \u2013 Pr\u00f3logo (DI &#8211; 6 km | SS &#8211; 5,90 km | DF &#8211; 6,3 km)<\/p>\n\n\n\n<p>Local: circuito montado pr\u00f3ximo ao cemit\u00e9rio de Palmas<\/p>\n\n\n\n<p>17h00 \u00e0s 18h00 &#8211; Parque Fechado<\/p>\n\n\n\n<p>Local &#8211; Capim Dourado Shopping<\/p>\n\n\n\n<p>18h00 \u2013 Briefing equipes de apoio<\/p>\n\n\n\n<p>19h00 &#8211; Briefing geral<\/p>\n\n\n\n<p>Local &#8211; Capim Dourado Shopping<\/p>\n\n\n\n<p>20h00 \u2013 Largada promocional<\/p>\n\n\n\n<p>Local \u2013 Capim Dourado Shopping<\/p>\n\n\n\n<p><strong>19\/06 \u2013 Quarta-feira \u2013 ETAPA 1<\/strong><\/p>\n\n\n\n<p>Palmas (TO) \/ S\u00e3o F\u00e9lix do Tocantins (TO)<\/p>\n\n\n\n<p>DI &#8211; 175 km | SS &#8211; 191 km | DF &#8211; 2 km<\/p>\n\n\n\n<p>20h00 &#8211; Briefing<\/p>\n\n\n\n<p><strong>20\/06 \u2013 Quinta-feira \u2013 ETAPA 2<\/strong><\/p>\n\n\n\n<p>S\u00e3o F\u00e9lix do Tocantins (TO) \/ S\u00e3o Felix do Tocantins (TO)<\/p>\n\n\n\n<p>DI &#8211; 20,50 km | SS &#8211; 216 km |DF &#8211; 2 km<\/p>\n\n\n\n<p>20h00 &#8211; Briefing<\/p>\n\n\n\n<p><strong>21\/06 \u2013 Sexta-feira \u2013 ETAPA 3<\/strong><\/p>\n\n\n\n<p>S\u00e3o Felix do Tocantins (TO) \/ S\u00e3o Felix do Tocantins (TO)<\/p>\n\n\n\n<p>DI &#8211; 10,80 km | SS &#8211; 249 km | DF &#8211; 6,27 km<\/p>\n\n\n\n<p>20h00 &#8211; Briefing<\/p>\n\n\n\n<p><strong>22\/06 \u2013 S\u00e1bado \u2013 ETAPA 4<\/strong><\/p>\n\n\n\n<p>S\u00e3o Felix do Tocantins (TO) \/ Palmas (TO)<\/p>\n\n\n\n<p>DI &#8211; 13,9 km | SS &#8211; 178 km | DF &#8211; 187 km<\/p>\n\n\n\n<p>Parque fechado \u2013 Praia da Graciosa em Palmas (TO)<\/p>\n\n\n\n<p>Chegada: a partir das 13 horas<\/p>\n\n\n\n<p>A partir das 19h00 \u2013 Cerim\u00f4nia de Premia\u00e7\u00e3o e show<\/p>\n\n\n\n<p>Local: Praia da Graciosa em Palmas (TO)<\/p>\n\n\n\n<p>.<\/p>\n\n\n\n<p><strong>Consultoria e Assessoria de Comunica\u00e7\u00e3o:<\/strong><\/p>\n\n\n\n<p>SIG Comunica\u00e7\u00e3o | sig@sigcomunicacao.com.br<\/p>\n\n\n\n<p>Silvana Grezzana Santos | (11) 999.726.966<\/p>\n\n\n\n<p>www.sigcomunicacao.com.br<\/p>\n\n\n\n<p>Cr\u00e9dito fotos: PhotoAction e DFotos<\/p>\n","protected":false},"excerpt":{"rendered":"<p>Prova v\u00e1lida para o Campeonato Brasileiro de Rally Raid partir\u00e1 \u00e0s 7 horas do Centro de Conven\u00e7\u00f5es de Palmas para a largada da primeira das quatro etapas nesta quarta-feira, 19, com destino a S\u00e3o F\u00e9lix do Tocantins (TO). A competi\u00e7\u00e3o prossegue at\u00e9 s\u00e1bado, 22 de junho. Palmas, TO&nbsp;\u2013 O Rally Jalap\u00e3o deu a largada nesta [&hellip;]<\/p>\n","protected":false},"author":2,"featured_media":660,"comment_status":"closed","ping_status":"closed","sticky":false,"template":"","format":"standard","meta":{"footnotes":""},"categories":[1],"tags":[],"class_list":["post-659","post","type-post","status-publish","format-standard","has-post-thumbnail","hentry","category-sem-categoria"],"_links":{"self":[{"href":"https:\/\/arenarally.com.br\/arena\/wp-json\/wp\/v2\/posts\/659","targetHints":{"allow":["GET"]}}],"collection":[{"href":"https:\/\/arenarally.com.br\/arena\/wp-json\/wp\/v2\/posts"}],"about":[{"href":"https:\/\/arenarally.com.br\/arena\/wp-json\/wp\/v2\/types\/post"}],"author":[{"embeddable":true,"href":"https:\/\/arenarally.com.br\/arena\/wp-json\/wp\/v2\/users\/2"}],"replies":[{"embeddable":true,"href":"https:\/\/arenarally.com.br\/arena\/wp-json\/wp\/v2\/comments?post=659"}],"version-history":[{"count":1,"href":"https:\/\/arenarally.com.br\/arena\/wp-json\/wp\/v2\/posts\/659\/revisions"}],"predecessor-version":[{"id":664,"href":"https:\/\/arenarally.com.br\/arena\/wp-json\/wp\/v2\/posts\/659\/revisions\/664"}],"wp:featuredmedia":[{"embeddable":true,"href":"https:\/\/arenarally.com.br\/arena\/wp-json\/wp\/v2\/media\/660"}],"wp:attachment":[{"href":"https:\/\/arenarally.com.br\/arena\/wp-json\/wp\/v2\/media?parent=659"}],"wp:term":[{"taxonomy":"category","embeddable":true,"href":"https:\/\/arenarally.com.br\/arena\/wp-json\/wp\/v2\/categories?post=659"},{"taxonomy":"post_tag","embeddable":true,"href":"https:\/\/arenarally.com.br\/arena\/wp-json\/wp\/v2\/tags?post=659"}],"curies":[{"name":"wp","href":"https:\/\/api.w.org\/{rel}","templated":true}]}}