{"id":668,"date":"2024-06-20T17:57:24","date_gmt":"2024-06-20T20:57:24","guid":{"rendered":"https:\/\/arenarally.com.br\/arena\/?p=668"},"modified":"2024-06-20T17:59:01","modified_gmt":"2024-06-20T20:59:01","slug":"10o-rally-jalapao-a-adrenalina-e-a-emocao-invadem-coracao-do-tocantins","status":"publish","type":"post","link":"https:\/\/arenarally.com.br\/arena\/10o-rally-jalapao-a-adrenalina-e-a-emocao-invadem-coracao-do-tocantins\/","title":{"rendered":"10\u00ba Rally Jalap\u00e3o: a adrenalina e a emo\u00e7\u00e3o invadem cora\u00e7\u00e3o do Tocantins"},"content":{"rendered":"\n<p class=\"has-text-align-center\"><em>Evento acontece nesta semana, dias 18 a 22 de junho, com largada e chegada em Palmas (TO). Nesta quinta-feira, aconteceu a segunda etapa com vit\u00f3rias de Adrien Metge (Motos), Denisio do Nascimento\/Gunnar Dums (UTVS) e Marcos Baumgart\/Beco Andreotti (Carros).<\/em><\/p>\n\n\n\n<p><strong>S\u00e3o F\u00e9lix do Tocantins, TO<\/strong>&nbsp;\u2013 Na segunda etapa do 10\u00ba Rally Jalap\u00e3o, v\u00e1lido para o Campeonato Brasileiro de Rally Raid, realizada nesta quinta-feira, 20 de junho, enquanto entre as motocicletas e os carros as primeiras posi\u00e7\u00f5es foram mantidas com rela\u00e7\u00e3o aos resultados do dia anterior, nos UTVs foi uma reviravolta. Ap\u00f3s percorrerem 238,46 quil\u00f4metros, &#8211; 215,96 quil\u00f4metros de especial cronometrada -, Adrien Metge, (Yamaha), Mason Klein (Honda) e Martin Duplessis (Honda) garantiram os melhores tempos pelo segundo dia consecutivo.<\/p>\n\n\n\n<figure class=\"wp-block-image size-large\"><img loading=\"lazy\" decoding=\"async\" width=\"1024\" height=\"683\" src=\"http:\/\/arenarally.com.br\/arena\/wp-content\/uploads\/2024\/06\/131_02-MarcosLeite-Dfotos-JP24-4471-1024x683.jpg\" alt=\"\" class=\"wp-image-673\" srcset=\"https:\/\/arenarally.com.br\/arena\/wp-content\/uploads\/2024\/06\/131_02-MarcosLeite-Dfotos-JP24-4471-1024x683.jpg 1024w, https:\/\/arenarally.com.br\/arena\/wp-content\/uploads\/2024\/06\/131_02-MarcosLeite-Dfotos-JP24-4471-300x200.jpg 300w, https:\/\/arenarally.com.br\/arena\/wp-content\/uploads\/2024\/06\/131_02-MarcosLeite-Dfotos-JP24-4471-768x512.jpg 768w, https:\/\/arenarally.com.br\/arena\/wp-content\/uploads\/2024\/06\/131_02-MarcosLeite-Dfotos-JP24-4471-1536x1024.jpg 1536w, https:\/\/arenarally.com.br\/arena\/wp-content\/uploads\/2024\/06\/131_02-MarcosLeite-Dfotos-JP24-4471-2048x1365.jpg 2048w\" sizes=\"auto, (max-width: 1024px) 100vw, 1024px\" \/><\/figure>\n\n\n\n<p>Denisio do Nascimento\/Gunnar Dums (#101\/Can-Am Maverick X3), voaram baixo cruzando primeiro a linha de chegada. Na sequencia, Denisio Casarini\/Breno Rezente (#112 \/Can-Am Maverick R) e Jo\u00e3o Pedro Franciosi\/Cesar Valandro (#111\/Polaris RZR Pro R).<\/p>\n\n\n\n<figure class=\"wp-block-image size-large\"><img loading=\"lazy\" decoding=\"async\" width=\"1024\" height=\"682\" src=\"http:\/\/arenarally.com.br\/arena\/wp-content\/uploads\/2024\/06\/photoaction8-1024x682.jpeg\" alt=\"\" class=\"wp-image-669\" srcset=\"https:\/\/arenarally.com.br\/arena\/wp-content\/uploads\/2024\/06\/photoaction8-1024x682.jpeg 1024w, https:\/\/arenarally.com.br\/arena\/wp-content\/uploads\/2024\/06\/photoaction8-300x200.jpeg 300w, https:\/\/arenarally.com.br\/arena\/wp-content\/uploads\/2024\/06\/photoaction8-768x512.jpeg 768w, https:\/\/arenarally.com.br\/arena\/wp-content\/uploads\/2024\/06\/photoaction8-1536x1023.jpeg 1536w, https:\/\/arenarally.com.br\/arena\/wp-content\/uploads\/2024\/06\/photoaction8.jpeg 1600w\" sizes=\"auto, (max-width: 1024px) 100vw, 1024px\" \/><\/figure>\n\n\n\n<p>J\u00e1 na categoria Carros, Marcos Baumgart\/Beco Andreotti (#302\/ Toyota) foi \u00fanica dupla a repetir o desempenho no segundo dia de provas. Do segundo ao quinto lugares do dia ficaram: Lelio Vieira\/Weberth Moreira (#321\/Can-Am), Alessandro Tozoni\/Cristina Bordini (#365\/T-Rex), Pedro Queirolo\/Lauro Sobreira (#304\/Buggy Giaffone) e Cristiano Rocha\/Anderson Geraldi (#371\/Mitsubishi).<\/p>\n\n\n\n<figure class=\"wp-block-image size-large\"><img loading=\"lazy\" decoding=\"async\" width=\"1024\" height=\"683\" src=\"http:\/\/arenarally.com.br\/arena\/wp-content\/uploads\/2024\/06\/021_02-MarcosLeite-Dfotos-JP24-4320-1024x683.jpg\" alt=\"\" class=\"wp-image-671\" srcset=\"https:\/\/arenarally.com.br\/arena\/wp-content\/uploads\/2024\/06\/021_02-MarcosLeite-Dfotos-JP24-4320-1024x683.jpg 1024w, https:\/\/arenarally.com.br\/arena\/wp-content\/uploads\/2024\/06\/021_02-MarcosLeite-Dfotos-JP24-4320-300x200.jpg 300w, https:\/\/arenarally.com.br\/arena\/wp-content\/uploads\/2024\/06\/021_02-MarcosLeite-Dfotos-JP24-4320-768x512.jpg 768w, https:\/\/arenarally.com.br\/arena\/wp-content\/uploads\/2024\/06\/021_02-MarcosLeite-Dfotos-JP24-4320-1536x1024.jpg 1536w, https:\/\/arenarally.com.br\/arena\/wp-content\/uploads\/2024\/06\/021_02-MarcosLeite-Dfotos-JP24-4320-2048x1365.jpg 2048w\" sizes=\"auto, (max-width: 1024px) 100vw, 1024px\" \/><\/figure>\n\n\n\n<p>\u201cO Jalap\u00e3o \u00e9 sempre perigoso, e sempre uma surpresinha, tem sido uma prova dura. A caracter\u00edstica da segunda etapa prevaleceu a areia e contou com trechos com lombas e pedras. Vamos para os outros dois dias domar o bicho pap\u00e3o do Jalap\u00e3o\u201d, disse Marcos Baumgart.<\/p>\n\n\n\n<figure class=\"wp-block-image size-large\"><img loading=\"lazy\" decoding=\"async\" width=\"1024\" height=\"683\" src=\"http:\/\/arenarally.com.br\/arena\/wp-content\/uploads\/2024\/06\/102_02-MarcosLeite-Dfotos-JP24-4463-1024x683.jpg\" alt=\"\" class=\"wp-image-672\" srcset=\"https:\/\/arenarally.com.br\/arena\/wp-content\/uploads\/2024\/06\/102_02-MarcosLeite-Dfotos-JP24-4463-1024x683.jpg 1024w, https:\/\/arenarally.com.br\/arena\/wp-content\/uploads\/2024\/06\/102_02-MarcosLeite-Dfotos-JP24-4463-300x200.jpg 300w, https:\/\/arenarally.com.br\/arena\/wp-content\/uploads\/2024\/06\/102_02-MarcosLeite-Dfotos-JP24-4463-768x512.jpg 768w, https:\/\/arenarally.com.br\/arena\/wp-content\/uploads\/2024\/06\/102_02-MarcosLeite-Dfotos-JP24-4463-1536x1024.jpg 1536w, https:\/\/arenarally.com.br\/arena\/wp-content\/uploads\/2024\/06\/102_02-MarcosLeite-Dfotos-JP24-4463-2048x1365.jpg 2048w\" sizes=\"auto, (max-width: 1024px) 100vw, 1024px\" \/><\/figure>\n\n\n\n<p>Nesta sexta-feira (21), est\u00e3o previstos 266,07 quil\u00f4metros, sendo 249 quil\u00f4metros de trechos cronometrados, e ser\u00e1 em formato de la\u00e7o com largada e chegada \u00e0 cidade de S\u00e3o F\u00e9lix do Tocantins.&nbsp; O roteiro total do rally Jalap\u00e3o \u00e9 de aproximadamente 1.500 quil\u00f4metros de percurso em quatro dias de disputas, que contemplam trechos in\u00e9ditos.<\/p>\n\n\n\n<figure class=\"wp-block-image size-large\"><img loading=\"lazy\" decoding=\"async\" width=\"1024\" height=\"682\" src=\"http:\/\/arenarally.com.br\/arena\/wp-content\/uploads\/2024\/06\/WhatsApp-Image-2024-06-20-at-15.46.31-1024x682.jpeg\" alt=\"\" class=\"wp-image-675\" srcset=\"https:\/\/arenarally.com.br\/arena\/wp-content\/uploads\/2024\/06\/WhatsApp-Image-2024-06-20-at-15.46.31-1024x682.jpeg 1024w, https:\/\/arenarally.com.br\/arena\/wp-content\/uploads\/2024\/06\/WhatsApp-Image-2024-06-20-at-15.46.31-300x200.jpeg 300w, https:\/\/arenarally.com.br\/arena\/wp-content\/uploads\/2024\/06\/WhatsApp-Image-2024-06-20-at-15.46.31-768x512.jpeg 768w, https:\/\/arenarally.com.br\/arena\/wp-content\/uploads\/2024\/06\/WhatsApp-Image-2024-06-20-at-15.46.31.jpeg 1280w\" sizes=\"auto, (max-width: 1024px) 100vw, 1024px\" \/><\/figure>\n\n\n\n<p>De quinta-feira, 20, a s\u00e1bado, 22, a caravana permanece em acampamento em S\u00e3o F\u00e9lix\/TO. J\u00e1 no s\u00e1bado, a quarta etapa parte de S\u00e3o F\u00e9lix para a etapa final e chegada em Palmas\/TO.&nbsp; O encerramento do evento com a premia\u00e7\u00e3o que contemplar\u00e1 os competidores com trof\u00e9us para os cinco primeiros colocados na Praia da Graciosa.<\/p>\n\n\n\n<p>O Rally Jalap\u00e3o \u00e9 uma realiza\u00e7\u00e3o de Arena Promo\u00e7\u00f5es e Eventos, tem patroc\u00ednio do C6 Bank, FF Motorsport e CCR Aeroportos, apoio do Capim Dourado Shopping, Governo do Tocantins, Prefeitura Municipal de Palmas, Prefeitura Municipal de S\u00e3o F\u00e9lix do Tocantins, Unicom, KTM Tocantins, Adventure Campers, Resgate das Dunas, SiG Comunica\u00e7\u00e3o, PhotoAction,&nbsp; Imperial Filmes, DFotos, Fofo Esportes, Rally BR e Sanderson Pereira V\u00eddeos. A supervis\u00e3o \u00e9 da CBM &#8211; Confedera\u00e7\u00e3o Brasileira de Motociclismo e CBA \u2013 Confedera\u00e7\u00e3o Brasileira de Automobilismo.<\/p>\n\n\n\n<p>Para mais informa\u00e7\u00f5es acesse o site www.arenarally.com.br. Acompanhe a etapa nas redes sociais pelo Instagram @arenarally e @rallyjalapao. A cronometragem ficar\u00e1 a cargo da Chronosat (<a href=\"http:\/\/www.chronosat.com.br\/\">www.chronosat.com.br<\/a>).<\/p>\n\n\n\n<p><strong>Resultado da segunda etapa (Extra oficial):<\/strong><\/p>\n\n\n\n<p><strong>MOTOS<\/strong><\/p>\n\n\n\n<p>1) #1 Adrien Metge, Yamaha WR 450F, Yamaha IMS Rally Team, (1)MT1, 02h34m12s392) #21 Mason Klein, Honda CRF 450 RX, Honda Racing Brasil Rally, (2)MT1, 02h35m41s89<\/p>\n\n\n\n<p>3) # 2 Martin Duplessis, Honda CRF 450 RX, Honda Racing Brasil Rally, (3)MT1, 02h43m34s44<\/p>\n\n\n\n<p>4) #4 Gabriel Bruning, Yamaha WR 450F, Yamaha IMS Rally Team, (2)MT2, 02h46m31s01<\/p>\n\n\n\n<p>5) #6 Ricardo Martins, Yamaha WR 450F, Yamaha IMS Rally Team, (4)MT1, 02h50m09s89<\/p>\n\n\n\n<p><strong>UTVs<\/strong><\/p>\n\n\n\n<p>1) #101 Denisio do Nascimento\/Gunnar Dums, Can-Am Maverick X3, Bompack Racing, (1)UT1, 02h44m23s06<\/p>\n\n\n\n<p>2) #112 Denisio Casarini\/Breno Rezente, Can-Am Maverick R, Can-Am Factory Racing, (2)UT1, 02h44m34s38<\/p>\n\n\n\n<p>3) #111 Jo\u00e3o Pedro Franciosi\/Cesar Valandro, Polaris RZR Pro R,<\/p>\n\n\n\n<p>Cotton Racing, (3)UT1, 02h46m27s17<\/p>\n\n\n\n<p>4) #109 Tomas Luza\/Flavio Fran\u00e7a, Polaris RZR Pro R, Cotton Racing, (4)UT1, 02h46m28s89<\/p>\n\n\n\n<p>5) #105 Andr\u00e9 Hort\/Henry Ritter, Can-Am Maverick X3, MH Racing\/ Cotton \/ F Tech, (5)UT1, 02h47m22s37<\/p>\n\n\n\n<p><strong>CARROS<\/strong><\/p>\n\n\n\n<p>1) #302 Marcos Baumgart\/Beco Andreotti, Toyota Hilux GR DKR, X Rally Team, (1)T1M, 02h44m17s03<\/p>\n\n\n\n<p>2) # 321 Lelio Vieira\/Weberth Moreira, Can-Am Maverick R, Fifi Rally Team, (1)CHL, 03h04m24s68<\/p>\n\n\n\n<p>3) #365 Alessandro Tozoni\/Cristina Bordini, T-Rex, Faster Rally Team, (1)UBR, 03h09m16s91<\/p>\n\n\n\n<p>4) # 304 Pedro Queirolo\/Lauro Sobreira, Buggy Giaffone V8, R.Mattheis Rally Team, (1)UBR, 03h16m48s64<\/p>\n\n\n\n<p>5) #371 Cristiano Rocha\/Anderson Geraldi, Mitsubishi L200 RS, Accert Competi\u00e7\u00f5es, (1)PRO, 03h19m40s86<\/p>\n\n\n\n<p><strong>Classifica\u00e7\u00e3o acumulada, ap\u00f3s a segunda etapa (Extra oficial):<\/strong><\/p>\n\n\n\n<p><strong>MOTOS<\/strong><\/p>\n\n\n\n<p>1) #1 Adrien Metge, Yamaha WR 450F, Yamaha IMS Rally Team, (1)MT1, 04h39m09s28<\/p>\n\n\n\n<p>2) #21 Mason Klein, Honda CRF 450 RX, Honda Racing Brasil Rally, (2)MT1, 04h43m59s81<\/p>\n\n\n\n<p>3) #2 Martin Duplessis, Honda CRF 450 RX, Honda Racing Brasil Rally, (3)MT1, 04h54m03s41<\/p>\n\n\n\n<p>4) #4 Gabriel Bruning, Yamaha WR 450F, Yamaha IMS Rally Team, (2)MT2, 04h59m02s49<\/p>\n\n\n\n<p>5) #6 Ricardo Martins, Yamaha WR 450F, Yamaha IMS Rally Team, (4)MT1, 05h02m44s87<\/p>\n\n\n\n<p><strong>UTVs<\/strong><\/p>\n\n\n\n<p>1) #109 Tomas Luza\/Flavio Fran\u00e7a, Polaris RZR Pro R, Cotton Racing, (4)UT1, 04h54m58s59<\/p>\n\n\n\n<p>2) #101 Denisio do Nascimento\/Gunnar Dums, Can-Am Maverick X3, Bompack Racing, (1)UT1, 04h55m40s59<\/p>\n\n\n\n<p>3) #112 Den\u00edsio Casarini\/Breno Rezente, Can-Am Maverick R, Can-Am Factory Racing, (2)UT1, 02h44m34s38<\/p>\n\n\n\n<p>4) #116 Bruno Varela\/Ari Fiuza, Can-Am Maverick X3, Varela Can-Am Monster Energy, (4)UT1, 04h59m53s12<\/p>\n\n\n\n<p>5) #105 Andr\u00e9 Hort\/Henry Ritter, Can-Am Maverick X3, MH Racing\/ Cotton \/ F Tech, (5)UT1, 04h03m00s82<\/p>\n\n\n\n<p><strong>CARROS<\/strong><\/p>\n\n\n\n<p>1) #302 Marcos Baumgart\/Beco Andreotti, Toyota Hilux GR DKR, X Rally Team, (1)T1M, 04h48m18s82<\/p>\n\n\n\n<p>2) # 304 Pedro Queirolo\/Lauro Sobreira, Buggy Giaffone V8, R.Mattheis Rally Team, (1)UBR, 05h23m34s18<\/p>\n\n\n\n<p>3) # 321 Lelio Vieira\/Weberth Moreira, Can-Am Maverick R, Fifi Rally Team, (1)CHL, 05h25m45s16<\/p>\n\n\n\n<p>4) #388 Gunter Hinkelmann\/Weidner Moreira, Ford Ranger, X Rally Team, (1)T11, 05h29m03s07<\/p>\n\n\n\n<p>5) #371 Cristiano Rocha\/Anderson Geraldi, Mitsubishi L200 RS, Accert Competi\u00e7\u00f5es, (1)PRO, 05h45m08s27<\/p>\n\n\n\n<p><strong><u>Resultados completos:<\/u><\/strong>&nbsp;<a href=\"https:\/\/chronosat.com.br\/novo\/2414-jlp.html\">https:\/\/chronosat.com.br\/novo\/2414-jlp.html<\/a><\/p>\n\n\n\n<p><strong>PROGRAMA\u00c7\u00c3O DO 10\u00baRALLY JALAP\u00c3O:<\/strong><\/p>\n\n\n\n<p><strong>21\/06 \u2013 Sexta-feira \u2013 ETAPA 3<\/strong><\/p>\n\n\n\n<p>S\u00e3o Felix do Tocantins (TO) \/ S\u00e3o Felix do Tocantins (TO)<\/p>\n\n\n\n<p>DI &#8211; 10,80 km | SS &#8211; 249 km | DF &#8211; 6,27 km<\/p>\n\n\n\n<p>20h00 &#8211; Briefing<\/p>\n\n\n\n<p><strong>22\/06 \u2013 S\u00e1bado \u2013 ETAPA 4<\/strong><\/p>\n\n\n\n<p>S\u00e3o Felix do Tocantins (TO) \/ Palmas (TO)<\/p>\n\n\n\n<p>DI &#8211; 13,9 km | SS &#8211; 178 km | DF &#8211; 187 km<\/p>\n\n\n\n<p>Parque fechado \u2013 Praia da Graciosa em Palmas (TO)<\/p>\n\n\n\n<p>Chegada: a partir das 13 horas<\/p>\n\n\n\n<p>A partir das 19h00 \u2013 Cerim\u00f4nia de Premia\u00e7\u00e3o e show<\/p>\n\n\n\n<p>Local: Praia da Graciosa em Palmas (TO)<\/p>\n\n\n\n<p>.<\/p>\n\n\n\n<p><strong>Consultoria e Assessoria de Comunica\u00e7\u00e3o:<\/strong><\/p>\n\n\n\n<p>SIG Comunica\u00e7\u00e3o | sig@sigcomunicacao.com.br<\/p>\n\n\n\n<p>Silvana Grezzana Santos | (11) 999.726.966<\/p>\n\n\n\n<p>www.sigcomunicacao.com.br<\/p>\n\n\n\n<p>Cr\u00e9dito: PhotoAction e DFotos<\/p>\n","protected":false},"excerpt":{"rendered":"<p>Evento acontece nesta semana, dias 18 a 22 de junho, com largada e chegada em Palmas (TO). Nesta quinta-feira, aconteceu a segunda etapa com vit\u00f3rias de Adrien Metge (Motos), Denisio do Nascimento\/Gunnar Dums (UTVS) e Marcos Baumgart\/Beco Andreotti (Carros). S\u00e3o F\u00e9lix do Tocantins, TO&nbsp;\u2013 Na segunda etapa do 10\u00ba Rally Jalap\u00e3o, v\u00e1lido para o Campeonato [&hellip;]<\/p>\n","protected":false},"author":2,"featured_media":674,"comment_status":"closed","ping_status":"closed","sticky":false,"template":"","format":"standard","meta":{"footnotes":""},"categories":[1],"tags":[],"class_list":["post-668","post","type-post","status-publish","format-standard","has-post-thumbnail","hentry","category-sem-categoria"],"_links":{"self":[{"href":"https:\/\/arenarally.com.br\/arena\/wp-json\/wp\/v2\/posts\/668","targetHints":{"allow":["GET"]}}],"collection":[{"href":"https:\/\/arenarally.com.br\/arena\/wp-json\/wp\/v2\/posts"}],"about":[{"href":"https:\/\/arenarally.com.br\/arena\/wp-json\/wp\/v2\/types\/post"}],"author":[{"embeddable":true,"href":"https:\/\/arenarally.com.br\/arena\/wp-json\/wp\/v2\/users\/2"}],"replies":[{"embeddable":true,"href":"https:\/\/arenarally.com.br\/arena\/wp-json\/wp\/v2\/comments?post=668"}],"version-history":[{"count":3,"href":"https:\/\/arenarally.com.br\/arena\/wp-json\/wp\/v2\/posts\/668\/revisions"}],"predecessor-version":[{"id":679,"href":"https:\/\/arenarally.com.br\/arena\/wp-json\/wp\/v2\/posts\/668\/revisions\/679"}],"wp:featuredmedia":[{"embeddable":true,"href":"https:\/\/arenarally.com.br\/arena\/wp-json\/wp\/v2\/media\/674"}],"wp:attachment":[{"href":"https:\/\/arenarally.com.br\/arena\/wp-json\/wp\/v2\/media?parent=668"}],"wp:term":[{"taxonomy":"category","embeddable":true,"href":"https:\/\/arenarally.com.br\/arena\/wp-json\/wp\/v2\/categories?post=668"},{"taxonomy":"post_tag","embeddable":true,"href":"https:\/\/arenarally.com.br\/arena\/wp-json\/wp\/v2\/tags?post=668"}],"curies":[{"name":"wp","href":"https:\/\/api.w.org\/{rel}","templated":true}]}}