{"id":680,"date":"2024-06-21T19:20:22","date_gmt":"2024-06-21T22:20:22","guid":{"rendered":"https:\/\/arenarally.com.br\/arena\/?p=680"},"modified":"2024-06-21T19:20:24","modified_gmt":"2024-06-21T22:20:24","slug":"rally-jalapao-prova-em-formato-de-laco-acirra-disputa-pelo-titulo-da-10a-edicao","status":"publish","type":"post","link":"https:\/\/arenarally.com.br\/arena\/rally-jalapao-prova-em-formato-de-laco-acirra-disputa-pelo-titulo-da-10a-edicao\/","title":{"rendered":"Rally Jalap\u00e3o: Prova em formato de la\u00e7o acirra disputa pelo t\u00edtulo da 10\u00aa edi\u00e7\u00e3o"},"content":{"rendered":"\n<p><em>Na terceira de quatro etapas as primeiras posi\u00e7\u00f5es foram de Adrien Metge (Motos), Rodrigo Varela\/Matheus Mazzei (UTVS) e Marcos Baumgart\/Beco Andreotti (Carros). Neste s\u00e1bado (22) a chegada dos ve\u00edculos ser\u00e1 na Praia da Graciosa por volta das 14 horas e a premia\u00e7\u00e3o a partir das 19 horas<\/em><\/p>\n\n\n\n<p><strong>S\u00e3o F\u00e9lix do Tocantins, TO<\/strong>&nbsp;\u2013 O 10\u00ba Rally Jalap\u00e3o segue extremamente competitivo nas tr\u00eas categorias &#8211; carros, motos e UTVs- com pontua\u00e7\u00e3o v\u00e1lida para o Campeonato Brasileiro de Rally Raid. Sob sol forte e temperatura em torno de 30\u00b0C, teve revezamento de lideran\u00e7a nos UTVs com Denisio do Nascimento\/Gunnar Dums (Can-Am \/ Santa Catarina) passando a ponta da tabela. J\u00e1 nas motos, a tabela de classifica\u00e7\u00e3o acumulada \u00e9 dominada por dois estrangeiros, Adrien Metge (Fran\u00e7a) e Mason Klein (Long Beach\/Estados Unidos). Nos carros, Marcos Baumgart e Beco Andreotti (Toyota\/ S\u00e3o Paulo).<\/p>\n\n\n\n<figure class=\"wp-block-image size-large\"><img loading=\"lazy\" decoding=\"async\" width=\"1024\" height=\"682\" src=\"http:\/\/arenarally.com.br\/arena\/wp-content\/uploads\/2024\/06\/WhatsApp-Image-2024-06-21-at-18.27.50-4-1024x682.jpeg\" alt=\"\" class=\"wp-image-691\" srcset=\"https:\/\/arenarally.com.br\/arena\/wp-content\/uploads\/2024\/06\/WhatsApp-Image-2024-06-21-at-18.27.50-4-1024x682.jpeg 1024w, https:\/\/arenarally.com.br\/arena\/wp-content\/uploads\/2024\/06\/WhatsApp-Image-2024-06-21-at-18.27.50-4-300x200.jpeg 300w, https:\/\/arenarally.com.br\/arena\/wp-content\/uploads\/2024\/06\/WhatsApp-Image-2024-06-21-at-18.27.50-4-768x512.jpeg 768w, https:\/\/arenarally.com.br\/arena\/wp-content\/uploads\/2024\/06\/WhatsApp-Image-2024-06-21-at-18.27.50-4-1536x1024.jpeg 1536w, https:\/\/arenarally.com.br\/arena\/wp-content\/uploads\/2024\/06\/WhatsApp-Image-2024-06-21-at-18.27.50-4-2048x1365.jpeg 2048w\" sizes=\"auto, (max-width: 1024px) 100vw, 1024px\" \/><\/figure>\n\n\n\n<p>Nesta sexta-feira, os competidores tiveram 266,07 quil\u00f4metros, sendo 249 quil\u00f4metros de trechos cronometrados. \u201cDia muito t\u00e9cnico, muito sinuoso e bem estilo Jalap\u00e3o, do jeito que gostamos. Super cansativa, mas foi uma del\u00edcia. Amanh\u00e3 \u00e9 o \u00faltimo dia e, enfim, o objetivo \u00e9 completar\u201d, destacou Adrien Metge.<\/p>\n\n\n\n<figure class=\"wp-block-image size-large\"><img loading=\"lazy\" decoding=\"async\" width=\"1024\" height=\"682\" src=\"http:\/\/arenarally.com.br\/arena\/wp-content\/uploads\/2024\/06\/WhatsApp-Image-2024-06-21-at-18.27.50-1024x682.jpeg\" alt=\"\" class=\"wp-image-692\" srcset=\"https:\/\/arenarally.com.br\/arena\/wp-content\/uploads\/2024\/06\/WhatsApp-Image-2024-06-21-at-18.27.50-1024x682.jpeg 1024w, https:\/\/arenarally.com.br\/arena\/wp-content\/uploads\/2024\/06\/WhatsApp-Image-2024-06-21-at-18.27.50-300x200.jpeg 300w, https:\/\/arenarally.com.br\/arena\/wp-content\/uploads\/2024\/06\/WhatsApp-Image-2024-06-21-at-18.27.50-768x512.jpeg 768w, https:\/\/arenarally.com.br\/arena\/wp-content\/uploads\/2024\/06\/WhatsApp-Image-2024-06-21-at-18.27.50-1536x1024.jpeg 1536w, https:\/\/arenarally.com.br\/arena\/wp-content\/uploads\/2024\/06\/WhatsApp-Image-2024-06-21-at-18.27.50-2048x1365.jpeg 2048w\" sizes=\"auto, (max-width: 1024px) 100vw, 1024px\" \/><\/figure>\n\n\n\n<p>Ramon Sacilotti (UTV #146), que compete com o piloto Breno Ferreira, diz que o Rally Jalap\u00e3o nunca deixa de surpreender. \u201cTem sido uma d\u00e9cima edi\u00e7\u00e3o fant\u00e1stica, uma prova de cross country como tem que ser e n\u00e3o tem pegadinhas mais enroscadas. Estamos curtindo bastante. J\u00e1 viemos h\u00e1 muitos anos, estamos bem acostumados, mas nunca deixa de nos castigar um pouquinho tamb\u00e9m\u201d, destacou o piloto de S\u00e3o Jos\u00e9 os Campos (SP).<\/p>\n\n\n\n<figure class=\"wp-block-image size-large\"><img loading=\"lazy\" decoding=\"async\" width=\"1024\" height=\"682\" src=\"http:\/\/arenarally.com.br\/arena\/wp-content\/uploads\/2024\/06\/WhatsApp-Image-2024-06-21-at-18.27.50-1-1024x682.jpeg\" alt=\"\" class=\"wp-image-688\" srcset=\"https:\/\/arenarally.com.br\/arena\/wp-content\/uploads\/2024\/06\/WhatsApp-Image-2024-06-21-at-18.27.50-1-1024x682.jpeg 1024w, https:\/\/arenarally.com.br\/arena\/wp-content\/uploads\/2024\/06\/WhatsApp-Image-2024-06-21-at-18.27.50-1-300x200.jpeg 300w, https:\/\/arenarally.com.br\/arena\/wp-content\/uploads\/2024\/06\/WhatsApp-Image-2024-06-21-at-18.27.50-1-768x512.jpeg 768w, https:\/\/arenarally.com.br\/arena\/wp-content\/uploads\/2024\/06\/WhatsApp-Image-2024-06-21-at-18.27.50-1-1536x1024.jpeg 1536w, https:\/\/arenarally.com.br\/arena\/wp-content\/uploads\/2024\/06\/WhatsApp-Image-2024-06-21-at-18.27.50-1-2048x1365.jpeg 2048w\" sizes=\"auto, (max-width: 1024px) 100vw, 1024px\" \/><\/figure>\n\n\n\n<p>Leandro Torres (UTV #147) garante que o Jalap\u00e3o \u00e9 o que tem de melhor para a competi\u00e7\u00e3o. \u201c\u00c9 o suprassumo. O Rally do Jalap\u00e3o \u00e9 o que tem de melhor para a disputa da modalidade no Brasil. Com muita trilha, trajeto, areia, essas paisagens deslumbrantes, estamos no lugar certo\u201d, completa o piloto.<\/p>\n\n\n\n<figure class=\"wp-block-image size-large\"><img loading=\"lazy\" decoding=\"async\" width=\"1024\" height=\"682\" src=\"http:\/\/arenarally.com.br\/arena\/wp-content\/uploads\/2024\/06\/WhatsApp-Image-2024-06-20-at-16.28.45-1024x682.jpeg\" alt=\"\" class=\"wp-image-687\" srcset=\"https:\/\/arenarally.com.br\/arena\/wp-content\/uploads\/2024\/06\/WhatsApp-Image-2024-06-20-at-16.28.45-1024x682.jpeg 1024w, https:\/\/arenarally.com.br\/arena\/wp-content\/uploads\/2024\/06\/WhatsApp-Image-2024-06-20-at-16.28.45-300x200.jpeg 300w, https:\/\/arenarally.com.br\/arena\/wp-content\/uploads\/2024\/06\/WhatsApp-Image-2024-06-20-at-16.28.45-768x512.jpeg 768w, https:\/\/arenarally.com.br\/arena\/wp-content\/uploads\/2024\/06\/WhatsApp-Image-2024-06-20-at-16.28.45-1536x1024.jpeg 1536w, https:\/\/arenarally.com.br\/arena\/wp-content\/uploads\/2024\/06\/WhatsApp-Image-2024-06-20-at-16.28.45-2048x1365.jpeg 2048w\" sizes=\"auto, (max-width: 1024px) 100vw, 1024px\" \/><\/figure>\n\n\n\n<p>Neste s\u00e1bado, 22, a caravana parte para a quarta etapa de S\u00e3o F\u00e9lix a Palmas\/TO, est\u00e3o previstos 378,9 quil\u00f4metros, sendo 178 quil\u00f4metros de trechos cronometrados. O roteiro total do rally Jalap\u00e3o \u00e9 de aproximadamente 1.500 quil\u00f4metros de percurso em quatro dias de disputas, que contemplam trechos in\u00e9ditos.<\/p>\n\n\n\n<figure class=\"wp-block-image size-large\"><img loading=\"lazy\" decoding=\"async\" width=\"1024\" height=\"682\" src=\"http:\/\/arenarally.com.br\/arena\/wp-content\/uploads\/2024\/06\/WhatsApp-Image-2024-06-21-at-18.27.50-2-1024x682.jpeg\" alt=\"\" class=\"wp-image-689\" srcset=\"https:\/\/arenarally.com.br\/arena\/wp-content\/uploads\/2024\/06\/WhatsApp-Image-2024-06-21-at-18.27.50-2-1024x682.jpeg 1024w, https:\/\/arenarally.com.br\/arena\/wp-content\/uploads\/2024\/06\/WhatsApp-Image-2024-06-21-at-18.27.50-2-300x200.jpeg 300w, https:\/\/arenarally.com.br\/arena\/wp-content\/uploads\/2024\/06\/WhatsApp-Image-2024-06-21-at-18.27.50-2-768x512.jpeg 768w, https:\/\/arenarally.com.br\/arena\/wp-content\/uploads\/2024\/06\/WhatsApp-Image-2024-06-21-at-18.27.50-2-1536x1024.jpeg 1536w, https:\/\/arenarally.com.br\/arena\/wp-content\/uploads\/2024\/06\/WhatsApp-Image-2024-06-21-at-18.27.50-2-2048x1365.jpeg 2048w\" sizes=\"auto, (max-width: 1024px) 100vw, 1024px\" \/><\/figure>\n\n\n\n<p>A chegada ser\u00e1 por volta de 14 horas e o encerramento do evento com a premia\u00e7\u00e3o que contemplar\u00e1 os competidores com trof\u00e9us para os cinco primeiros colocados nas areias da Praia da Graciosa, a partir das 19 horas.<\/p>\n\n\n\n<figure class=\"wp-block-image size-large\"><img loading=\"lazy\" decoding=\"async\" width=\"1024\" height=\"684\" src=\"http:\/\/arenarally.com.br\/arena\/wp-content\/uploads\/2024\/06\/WhatsApp-Image-2024-06-20-at-15.41.22-1024x684.jpeg\" alt=\"\" class=\"wp-image-683\" srcset=\"https:\/\/arenarally.com.br\/arena\/wp-content\/uploads\/2024\/06\/WhatsApp-Image-2024-06-20-at-15.41.22-1024x684.jpeg 1024w, https:\/\/arenarally.com.br\/arena\/wp-content\/uploads\/2024\/06\/WhatsApp-Image-2024-06-20-at-15.41.22-300x200.jpeg 300w, https:\/\/arenarally.com.br\/arena\/wp-content\/uploads\/2024\/06\/WhatsApp-Image-2024-06-20-at-15.41.22-768x513.jpeg 768w, https:\/\/arenarally.com.br\/arena\/wp-content\/uploads\/2024\/06\/WhatsApp-Image-2024-06-20-at-15.41.22.jpeg 1280w\" sizes=\"auto, (max-width: 1024px) 100vw, 1024px\" \/><\/figure>\n\n\n\n<p>O Rally Jalap\u00e3o \u00e9 uma realiza\u00e7\u00e3o de Arena Promo\u00e7\u00f5es e Eventos, tem patroc\u00ednio do C6 Bank, FF Motorsport e CCR Aeroportos, apoio do Capim Dourado Shopping, Governo do Tocantins, Prefeitura Municipal de Palmas, Prefeitura Municipal de S\u00e3o F\u00e9lix do Tocantins, Unicom, KTM Tocantins, Adventure Campers, Resgate das Dunas, SiG Comunica\u00e7\u00e3o, PhotoAction,&nbsp; Imperial Filmes, DFotos, Fofo Esportes, Rally BR e Sanderson Pereira V\u00eddeos. A supervis\u00e3o \u00e9 da CBM &#8211; Confedera\u00e7\u00e3o Brasileira de Motociclismo e CBA \u2013 Confedera\u00e7\u00e3o Brasileira de Automobilismo.<\/p>\n\n\n\n<figure class=\"wp-block-image size-large\"><img loading=\"lazy\" decoding=\"async\" width=\"1024\" height=\"696\" src=\"http:\/\/arenarally.com.br\/arena\/wp-content\/uploads\/2024\/06\/WhatsApp-Image-2024-06-20-at-15.24.50-1024x696.jpeg\" alt=\"\" class=\"wp-image-681\" srcset=\"https:\/\/arenarally.com.br\/arena\/wp-content\/uploads\/2024\/06\/WhatsApp-Image-2024-06-20-at-15.24.50-1024x696.jpeg 1024w, https:\/\/arenarally.com.br\/arena\/wp-content\/uploads\/2024\/06\/WhatsApp-Image-2024-06-20-at-15.24.50-300x204.jpeg 300w, https:\/\/arenarally.com.br\/arena\/wp-content\/uploads\/2024\/06\/WhatsApp-Image-2024-06-20-at-15.24.50-768x522.jpeg 768w, https:\/\/arenarally.com.br\/arena\/wp-content\/uploads\/2024\/06\/WhatsApp-Image-2024-06-20-at-15.24.50.jpeg 1280w\" sizes=\"auto, (max-width: 1024px) 100vw, 1024px\" \/><\/figure>\n\n\n\n<p>Para mais informa\u00e7\u00f5es acesse o site www.arenarally.com.br. Acompanhe a etapa nas redes sociais pelo Instagram @arenarally e @rallyjalapao. A cronometragem ficar\u00e1 a cargo da Chronosat (<a href=\"http:\/\/www.chronosat.com.br\/\">www.chronosat.com.br<\/a>).<\/p>\n\n\n\n<p><strong>Resultado da terceira etapa (Extra oficial):<\/strong><\/p>\n\n\n\n<p><strong>MOTOS<\/strong><\/p>\n\n\n\n<p>1) #1 Adrien Metge, Yamaha WR 450F, Yamaha IMS Rally Team, (1)MT1, 02h50m50s092) #21 Mason Klein, Honda CRF 450 RX, Honda Racing Brasil Rally, (2)MT1, 02h53m30s47<\/p>\n\n\n\n<p>3) #3 Gabriel Soares, Honda CRF 450 RX, Honda Racing Brasil Rally,(1)MT2, 02h56m57s62<\/p>\n\n\n\n<p>4) #4 Gabriel Bruning, Yamaha WR 450F, Yamaha IMS Rally Team, (2)MT2, 03h02m00s47<\/p>\n\n\n\n<p>5) #22 Guilherme Bissotto, Yamaha WR 450F, Gatto Racing, (3)MT2, 03h06m21s52<\/p>\n\n\n\n<p><strong>UTVs<\/strong><\/p>\n\n\n\n<p>1) #102 Rodrigo Varela\/Matheus Mazzei, Can-Am Maverick X3, Varela Can-Am Monster Energy, (1)UT1, 03h04m34s87<\/p>\n\n\n\n<p>2) #101 Denisio do Nascimento\/Gunnar Dums, Can-Am Maverick X3, Bompack Racing, (1)UT1, 03h07m44s75<\/p>\n\n\n\n<p>3) #112 Denisio Casarini\/Breno Rezente, Can-Am Maverick R, Can-Am Factory Racing, (2)UT1, 03h07m57s45<\/p>\n\n\n\n<p>4) #111 Jo\u00e3o Pedro Franciosi\/Cesar Valandro, Polaris RZR Pro R, Cotton Racing, (3)UT1, 03h11m16s12<\/p>\n\n\n\n<p>5) #133 Filipe Pereira Rocha\/ L\u00e9o Magalh\u00e3es, Can-Am Maverick X3, (5)UT1, 03h11m22s67<\/p>\n\n\n\n<p><strong>CARROS<\/strong><\/p>\n\n\n\n<p>1) #302 Marcos Baumgart\/Beco Andreotti, Toyota Hilux GR DKR, X Rally Team, (1)T1M, 02h59m35s11<\/p>\n\n\n\n<p>2) # 304 Pedro Queirolo\/Lauro Sobreira, Buggy Giaffone V8, R.Mattheis Rally Team, (1)UBR, 03h05m54s65<\/p>\n\n\n\n<p>3) ) #388 Gunter Hinkelmann\/Weidner Moreira, Ford Ranger, X Rally Team, (1)T11, 03h07m58s72<\/p>\n\n\n\n<p>4) # 321 Lelio Vieira\/Weberth Moreira, Can-Am Maverick R, Fifi Rally Team, (1)CHL, 03h27m41s05<\/p>\n\n\n\n<p>5) #371 Cristiano Rocha\/Anderson Geraldi, Mitsubishi L200 RS, Accert Competi\u00e7\u00f5es, (1)PRO, 03h31m53s97<\/p>\n\n\n\n<p><strong>Classifica\u00e7\u00e3o acumulada, ap\u00f3s a terceira etapa (Extra oficial):<\/strong><\/p>\n\n\n\n<p><strong>MOTOS<\/strong><\/p>\n\n\n\n<p>1) #1 Adrien Metge, Yamaha WR 450F, Yamaha IMS Rally Team, (1)MT1, 07h29m59s37<\/p>\n\n\n\n<p>2) #21 Mason Klein, Honda CRF 450 RX, Honda Racing Brasil Rally, (2)MT1, 07h37m30s28<\/p>\n\n\n\n<p>3) #4 Gabriel Bruning, Yamaha WR 450F, Yamaha IMS Rally Team, (2)MT2, 08h01m02s96<\/p>\n\n\n\n<p>4) #3 Gabriel Soares, Honda CRF 450 RX, Honda Racing Brasil Rally,(1)MT2, 08h10m24s35<\/p>\n\n\n\n<p>5) #2 Martin Duplessis, Honda CRF 450 RX, Honda Racing Brasil Rally, (3)MT1, 08h14m16s88<\/p>\n\n\n\n<p><strong>UTVs<\/strong><\/p>\n\n\n\n<p>1) #101 Denisio do Nascimento\/Gunnar Dums, Can-Am Maverick X3, Bompack Racing, (1)UT1, 08h03m25s34<\/p>\n\n\n\n<p>2) #112 Den\u00edsio Casarini\/Breno Rezente, Can-Am Maverick R, Can-Am Factory Racing, (2)UT1, 08h05m20s26<\/p>\n\n\n\n<p>3) #111 Jo\u00e3o Pedro Franciosi\/Cesar Valandro, Polaris RZR Pro R, Cotton Racing, (3)UT1, 08h15m00s61<\/p>\n\n\n\n<p>4) #126 Jorge Wagenfuhr\/Humberto Wagenfuhr, Can-Am Maverick X3, Lifesil.com, (1)U45, 08h20m56s65<\/p>\n\n\n\n<p>5) #133 Filipe Pereira Rocha\/ L\u00e9o Magalh\u00e3es, Can-Am Maverick X3, (5)UT1, 08h21m46s09<\/p>\n\n\n\n<p><strong>CARROS<\/strong><\/p>\n\n\n\n<p>1) #302 Marcos Baumgart\/Beco Andreotti, Toyota Hilux GR DKR, X Rally Team, (1)T1M, 07h47m53s93<\/p>\n\n\n\n<p>2) # 304 Pedro Queirolo\/Lauro Sobreira, Buggy Giaffone V8, R.Mattheis Rally Team, (1)UBR, 08:29:28.83<\/p>\n\n\n\n<p>4) #388 Gunter Hinkelmann\/Weidner Moreira, Ford Ranger, X Rally Team, (1)T11, 08h37m01s79<\/p>\n\n\n\n<p>3) # 321 Lelio Vieira\/Weberth Moreira, Can-Am Maverick R, Fifi Rally Team, (1)CHL, 08h53m26s21<\/p>\n\n\n\n<p>5) #371 Cristiano Rocha\/Anderson Geraldi, Mitsubishi L200 RS, Accert Competi\u00e7\u00f5es, (1)PRO, 09h17m02s24<\/p>\n\n\n\n<p><strong><u>Resultados completos:<\/u><\/strong>&nbsp;<a href=\"https:\/\/chronosat.com.br\/novo\/2414-jlp.html\">https:\/\/chronosat.com.br\/novo\/2414-jlp.html<\/a><\/p>\n\n\n\n<p><strong>PROGRAMA\u00c7\u00c3O DO 10\u00baRALLY JALAP\u00c3O:<\/strong><\/p>\n\n\n\n<p><strong>22\/06 \u2013 S\u00e1bado \u2013 ETAPA 4<\/strong><\/p>\n\n\n\n<p>S\u00e3o Felix do Tocantins (TO) \/ Palmas (TO)<\/p>\n\n\n\n<p>DI &#8211; 13,9 km | SS &#8211; 178 km | DF &#8211; 187 km<\/p>\n\n\n\n<p>Largada: 7 horas<\/p>\n\n\n\n<p>Chegada: a partir das 14 horas<\/p>\n\n\n\n<p>Parque fechado \u2013 Praia da Graciosa em Palmas (TO)<\/p>\n\n\n\n<p>A partir das 19h00 \u2013 Cerim\u00f4nia de Premia\u00e7\u00e3o e show<\/p>\n\n\n\n<p>Local: Praia da Graciosa em Palmas (TO)<\/p>\n\n\n\n<p>.<\/p>\n\n\n\n<p><strong>Consultoria e Assessoria de Comunica\u00e7\u00e3o:<\/strong><\/p>\n\n\n\n<p>SIG Comunica\u00e7\u00e3o | sig@sigcomunicacao.com.br<\/p>\n\n\n\n<p>Silvana Grezzana Santos | (11) 999.726.966<\/p>\n\n\n\n<p>www.sigcomunicacao.com.br<\/p>\n\n\n\n<p>CR\u00e9dito fotos: PhotoAction e DFotos<\/p>\n","protected":false},"excerpt":{"rendered":"<p>Na terceira de quatro etapas as primeiras posi\u00e7\u00f5es foram de Adrien Metge (Motos), Rodrigo Varela\/Matheus Mazzei (UTVS) e Marcos Baumgart\/Beco Andreotti (Carros). Neste s\u00e1bado (22) a chegada dos ve\u00edculos ser\u00e1 na Praia da Graciosa por volta das 14 horas e a premia\u00e7\u00e3o a partir das 19 horas S\u00e3o F\u00e9lix do Tocantins, TO&nbsp;\u2013 O 10\u00ba Rally [&hellip;]<\/p>\n","protected":false},"author":2,"featured_media":690,"comment_status":"closed","ping_status":"closed","sticky":false,"template":"","format":"standard","meta":{"footnotes":""},"categories":[1],"tags":[],"class_list":["post-680","post","type-post","status-publish","format-standard","has-post-thumbnail","hentry","category-sem-categoria"],"_links":{"self":[{"href":"https:\/\/arenarally.com.br\/arena\/wp-json\/wp\/v2\/posts\/680","targetHints":{"allow":["GET"]}}],"collection":[{"href":"https:\/\/arenarally.com.br\/arena\/wp-json\/wp\/v2\/posts"}],"about":[{"href":"https:\/\/arenarally.com.br\/arena\/wp-json\/wp\/v2\/types\/post"}],"author":[{"embeddable":true,"href":"https:\/\/arenarally.com.br\/arena\/wp-json\/wp\/v2\/users\/2"}],"replies":[{"embeddable":true,"href":"https:\/\/arenarally.com.br\/arena\/wp-json\/wp\/v2\/comments?post=680"}],"version-history":[{"count":1,"href":"https:\/\/arenarally.com.br\/arena\/wp-json\/wp\/v2\/posts\/680\/revisions"}],"predecessor-version":[{"id":693,"href":"https:\/\/arenarally.com.br\/arena\/wp-json\/wp\/v2\/posts\/680\/revisions\/693"}],"wp:featuredmedia":[{"embeddable":true,"href":"https:\/\/arenarally.com.br\/arena\/wp-json\/wp\/v2\/media\/690"}],"wp:attachment":[{"href":"https:\/\/arenarally.com.br\/arena\/wp-json\/wp\/v2\/media?parent=680"}],"wp:term":[{"taxonomy":"category","embeddable":true,"href":"https:\/\/arenarally.com.br\/arena\/wp-json\/wp\/v2\/categories?post=680"},{"taxonomy":"post_tag","embeddable":true,"href":"https:\/\/arenarally.com.br\/arena\/wp-json\/wp\/v2\/tags?post=680"}],"curies":[{"name":"wp","href":"https:\/\/api.w.org\/{rel}","templated":true}]}}