{"id":694,"date":"2024-06-22T17:46:09","date_gmt":"2024-06-22T20:46:09","guid":{"rendered":"https:\/\/arenarally.com.br\/arena\/?p=694"},"modified":"2024-06-22T17:46:11","modified_gmt":"2024-06-22T20:46:11","slug":"rally-jalapao-celebra-10a-edicao-na-praia-da-graciosa-em-palmas-to","status":"publish","type":"post","link":"https:\/\/arenarally.com.br\/arena\/rally-jalapao-celebra-10a-edicao-na-praia-da-graciosa-em-palmas-to\/","title":{"rendered":"Rally Jalap\u00e3o celebra 10\u00aa edi\u00e7\u00e3o na Praia da Graciosa em Palmas (TO)"},"content":{"rendered":"\n<p><em>Prova foi realizada de 17 a 22 de junho e percorreu 1.500 quil\u00f4metros no interior do Tocantins. Ap\u00f3s disputa do pr\u00f3logo e quatro etapas: Adrien Metge (Motos), Denisio Casarini\/Breno Rezende (UTVS) e Marcos Baumgart\/Beco Andreotti (Carros) garantira seus t\u00edtulos.<\/em><\/p>\n\n\n\n<p><strong>Palmas, TO<\/strong>&nbsp;\u2013 O Rally Jalap\u00e3o festeja a sua 10\u00aa edi\u00e7\u00e3o em prova v\u00e1lida para o &nbsp;Campeonato Brasileiro de Rally Raid, realizado nesta semana de 17 a 22 de junho, no estado do Tocantins, passando pelas deslumbrantes paisagens do Jalap\u00e3o. A quarta e \u00faltima etapa realizada neste s\u00e1bado, contou com um roteiro espl\u00eandido e trechos r\u00e1pidos em 378,9 quil\u00f4metros, sendo 178 quil\u00f4metros de trechos cronometrados para carros, motos e UTVs.<\/p>\n\n\n\n<figure class=\"wp-block-image size-large\"><img loading=\"lazy\" decoding=\"async\" width=\"1024\" height=\"683\" src=\"http:\/\/arenarally.com.br\/arena\/wp-content\/uploads\/2024\/06\/photoaction1-1024x683.jpeg\" alt=\"\" class=\"wp-image-699\" srcset=\"https:\/\/arenarally.com.br\/arena\/wp-content\/uploads\/2024\/06\/photoaction1-1024x683.jpeg 1024w, https:\/\/arenarally.com.br\/arena\/wp-content\/uploads\/2024\/06\/photoaction1-300x200.jpeg 300w, https:\/\/arenarally.com.br\/arena\/wp-content\/uploads\/2024\/06\/photoaction1-768x512.jpeg 768w, https:\/\/arenarally.com.br\/arena\/wp-content\/uploads\/2024\/06\/photoaction1-1536x1024.jpeg 1536w, https:\/\/arenarally.com.br\/arena\/wp-content\/uploads\/2024\/06\/photoaction1.jpeg 1600w\" sizes=\"auto, (max-width: 1024px) 100vw, 1024px\" \/><\/figure>\n\n\n\n<p>O calor e a areia densa foram os ingredientes advers\u00e1rios para os participantes que teve largada e chegada em Palmas (TO). A adrenalina esteve em alta em mais uma etapa desafiadora da temporada. Os elementos essenciais para um bom rendimento foram o entrosamento dos integrantes do certame, a resist\u00eancia f\u00edsica, al\u00e9m do preparo e o dom\u00ednio de seus ve\u00edculos.<\/p>\n\n\n\n<figure class=\"wp-block-image size-large\"><img loading=\"lazy\" decoding=\"async\" width=\"1024\" height=\"691\" src=\"http:\/\/arenarally.com.br\/arena\/wp-content\/uploads\/2024\/06\/PhotoAction-dia-4-38-1024x691.jpeg\" alt=\"\" class=\"wp-image-696\" srcset=\"https:\/\/arenarally.com.br\/arena\/wp-content\/uploads\/2024\/06\/PhotoAction-dia-4-38-1024x691.jpeg 1024w, https:\/\/arenarally.com.br\/arena\/wp-content\/uploads\/2024\/06\/PhotoAction-dia-4-38-300x203.jpeg 300w, https:\/\/arenarally.com.br\/arena\/wp-content\/uploads\/2024\/06\/PhotoAction-dia-4-38-768x518.jpeg 768w, https:\/\/arenarally.com.br\/arena\/wp-content\/uploads\/2024\/06\/PhotoAction-dia-4-38.jpeg 1280w\" sizes=\"auto, (max-width: 1024px) 100vw, 1024px\" \/><\/figure>\n\n\n\n<p>O grande destaque da edi\u00e7\u00e3o 2024 foi o franc\u00eas, radicado em Indaiatuba (SP), Adrien Metge (#1\/MT1) \u2013 campe\u00e3o de 2020 e 2021 -, que conquistou o tricampeonato da competi\u00e7\u00e3o com a Yamaha WR 450 F, com o tempo acumulado de 09h08m33s71, depois de largar \u00e0 frente, venceu as quatro etapas. A segunda posi\u00e7\u00e3o foi garantida por Gabriel Soares (#3\/MT2) no comando da Honda CRF 450 RX.<\/p>\n\n\n\n<figure class=\"wp-block-image size-large\"><img loading=\"lazy\" decoding=\"async\" width=\"1024\" height=\"664\" src=\"http:\/\/arenarally.com.br\/arena\/wp-content\/uploads\/2024\/06\/PhotoAction-dia-4-41-1024x664.jpeg\" alt=\"\" class=\"wp-image-697\" srcset=\"https:\/\/arenarally.com.br\/arena\/wp-content\/uploads\/2024\/06\/PhotoAction-dia-4-41-1024x664.jpeg 1024w, https:\/\/arenarally.com.br\/arena\/wp-content\/uploads\/2024\/06\/PhotoAction-dia-4-41-300x195.jpeg 300w, https:\/\/arenarally.com.br\/arena\/wp-content\/uploads\/2024\/06\/PhotoAction-dia-4-41-768x498.jpeg 768w, https:\/\/arenarally.com.br\/arena\/wp-content\/uploads\/2024\/06\/PhotoAction-dia-4-41-1536x996.jpeg 1536w, https:\/\/arenarally.com.br\/arena\/wp-content\/uploads\/2024\/06\/PhotoAction-dia-4-41.jpeg 1600w\" sizes=\"auto, (max-width: 1024px) 100vw, 1024px\" \/><\/figure>\n\n\n\n<p>\u201cEstes foram dias intensos e que valeram a pena! Estou muito feliz, a organiza\u00e7\u00e3o fez um belo trabalho e quero parabenizar a equipe Yamaha IMS Rally Team por todo o suporte mais uma vez\u201d, comemora Adrien Metge.<\/p>\n\n\n\n<figure class=\"wp-block-image size-large\"><img loading=\"lazy\" decoding=\"async\" width=\"1024\" height=\"682\" src=\"http:\/\/arenarally.com.br\/arena\/wp-content\/uploads\/2024\/06\/photoaction9-1024x682.jpeg\" alt=\"\" class=\"wp-image-701\" srcset=\"https:\/\/arenarally.com.br\/arena\/wp-content\/uploads\/2024\/06\/photoaction9-1024x682.jpeg 1024w, https:\/\/arenarally.com.br\/arena\/wp-content\/uploads\/2024\/06\/photoaction9-300x200.jpeg 300w, https:\/\/arenarally.com.br\/arena\/wp-content\/uploads\/2024\/06\/photoaction9-768x512.jpeg 768w, https:\/\/arenarally.com.br\/arena\/wp-content\/uploads\/2024\/06\/photoaction9-1536x1023.jpeg 1536w, https:\/\/arenarally.com.br\/arena\/wp-content\/uploads\/2024\/06\/photoaction9.jpeg 1600w\" sizes=\"auto, (max-width: 1024px) 100vw, 1024px\" \/><\/figure>\n\n\n\n<p>O Rei do Jalap\u00e3o, com maior n\u00famero de vit\u00f3rias da competi\u00e7\u00e3o, \u00e9 Marcos Baumgart. O piloto paulista conta com sete trof\u00e9us de campe\u00e3o e ainda passando pelas tr\u00eas categorias. O primeiro t\u00edtulo foi entre as motos na categoria Marathon, o segundo nos UTVs e cinco nos Carros (com os navegadores Kleber Cincea, s\u00e3o tr\u00eas, e com Beco Andreotti, dois). Este ano, Marcos\/Beco (302\/ Toyota) dominaram os dias desde o pr\u00f3logo, sagrando-se campe\u00f5es com a equipe X Rally Team.<\/p>\n\n\n\n<figure class=\"wp-block-image size-large\"><img loading=\"lazy\" decoding=\"async\" width=\"1024\" height=\"684\" src=\"http:\/\/arenarally.com.br\/arena\/wp-content\/uploads\/2024\/06\/PhotoAction-dia-4-47-1024x684.jpeg\" alt=\"\" class=\"wp-image-698\" srcset=\"https:\/\/arenarally.com.br\/arena\/wp-content\/uploads\/2024\/06\/PhotoAction-dia-4-47-1024x684.jpeg 1024w, https:\/\/arenarally.com.br\/arena\/wp-content\/uploads\/2024\/06\/PhotoAction-dia-4-47-300x200.jpeg 300w, https:\/\/arenarally.com.br\/arena\/wp-content\/uploads\/2024\/06\/PhotoAction-dia-4-47-768x513.jpeg 768w, https:\/\/arenarally.com.br\/arena\/wp-content\/uploads\/2024\/06\/PhotoAction-dia-4-47-1536x1026.jpeg 1536w, https:\/\/arenarally.com.br\/arena\/wp-content\/uploads\/2024\/06\/PhotoAction-dia-4-47.jpeg 1600w\" sizes=\"auto, (max-width: 1024px) 100vw, 1024px\" \/><\/figure>\n\n\n\n<p>\u201cO Jalap\u00e3o \u00e9 sempre indescrit\u00edvel e desafiador. Garantimos mais uma vit\u00f3ria e carimbamos mais um t\u00edtulo, realmente n\u00e3o tem pre\u00e7o. Que venham provas e mais conquistas pela frente, j\u00e1 come\u00e7amos a planejar a pr\u00f3xima etapa\u201d, comemora. E brinca novamente: \u201cSe dizem que o bicho do Jalap\u00e3o existe, eu n\u00e3o o conheci\u201d.<\/p>\n\n\n\n<figure class=\"wp-block-image size-large\"><img loading=\"lazy\" decoding=\"async\" width=\"1024\" height=\"682\" src=\"http:\/\/arenarally.com.br\/arena\/wp-content\/uploads\/2024\/06\/photoaction7-1024x682.jpeg\" alt=\"\" class=\"wp-image-700\" srcset=\"https:\/\/arenarally.com.br\/arena\/wp-content\/uploads\/2024\/06\/photoaction7-1024x682.jpeg 1024w, https:\/\/arenarally.com.br\/arena\/wp-content\/uploads\/2024\/06\/photoaction7-300x200.jpeg 300w, https:\/\/arenarally.com.br\/arena\/wp-content\/uploads\/2024\/06\/photoaction7-768x512.jpeg 768w, https:\/\/arenarally.com.br\/arena\/wp-content\/uploads\/2024\/06\/photoaction7-1536x1023.jpeg 1536w, https:\/\/arenarally.com.br\/arena\/wp-content\/uploads\/2024\/06\/photoaction7.jpeg 1600w\" sizes=\"auto, (max-width: 1024px) 100vw, 1024px\" \/><\/figure>\n\n\n\n<p>Entre os UTVs, a estrat\u00e9gia entre Den\u00edsio Casarini e Breno Rezente deu certo. A dupla no comando do Can-Am Maverick R (#139\/ UT2), veio numa crescente ao longo dos dias para a conquista do t\u00edtulo para a equipe Can-Am Factory Racing. &#8220;Estou muito feliz com a nossa parceria, o Breno na navega\u00e7\u00e3o mandou muito bem. Fizemos uma prova consistente e o resultado foi o t\u00edtulo&#8221;, festeja o experiente piloto paulista Den\u00edsio Casarini.<\/p>\n\n\n\n<p>A edi\u00e7\u00e3o 2024 contou com 71 ve\u00edculos, 129 competidores, entre carros (07), motos (13) e UTVs (51). A cerim\u00f4nia de premia\u00e7\u00e3o ser\u00e1 \u00e0s margens do Rio Tocantins na orla da Praia da Graciosa a partir das 20 horas, seguido de show musical.<\/p>\n\n\n\n<p>O Rally Jalap\u00e3o \u00e9 uma realiza\u00e7\u00e3o de Arena Promo\u00e7\u00f5es e Eventos, tem patroc\u00ednio do C6 Bank, FF Motorsport e CCR Aeroportos, apoio do Capim Dourado Shopping, Governo do Tocantins, Prefeitura Municipal de Palmas, Prefeitura Municipal de S\u00e3o F\u00e9lix do Tocantins, Unicom, KTM Tocantins, Adventure Campers, Resgate das Dunas, SiG Comunica\u00e7\u00e3o, PhotoAction,&nbsp; Imperial Filmes, DFotos, Fofo Esportes, Rally BR e Sanderson Pereira V\u00eddeos. A supervis\u00e3o \u00e9 da CBM &#8211; Confedera\u00e7\u00e3o Brasileira de Motociclismo e CBA \u2013 Confedera\u00e7\u00e3o Brasileira de Automobilismo.<\/p>\n\n\n\n<p>Para mais informa\u00e7\u00f5es acesse o site www.arenarally.com.br. Acompanhe a etapa nas redes sociais pelo Instagram @arenarally e @rallyjalapao. A cronometragem esteve a cargo da Chronosat (<a href=\"http:\/\/www.chronosat.com.br\/\">www.chronosat.com.br<\/a>).<\/p>\n\n\n\n<p><strong>Resultado da quarta e \u00faltima etapa:<\/strong><\/p>\n\n\n\n<p><strong>MOTOS<\/strong><\/p>\n\n\n\n<p>1) #1 Adrien Metge, Yamaha WR 450F, Yamaha IMS Rally Team, (1)MT1, 01h38m34s34<\/p>\n\n\n\n<p>2) #3 Gabriel Soares, Honda CRF 450 RX, Honda Racing Brasil Rally,(1)MT2, 01h43m57s51<\/p>\n\n\n\n<p>3) #2 Martin Duplessis, Honda CRF 450 RX, Honda Racing Brasil Rally, (2) MT1, 01h46m09s22<\/p>\n\n\n\n<p>4) #21 Mason Klein, Honda CRF 450 RX, Honda Racing Brasil Rally, (3)MT1, 01h46m14s92<\/p>\n\n\n\n<p>5) #4 Gabriel Bruning, Yamaha WR 450F, Yamaha IMS Rally Team, (2)MT2, 01h50m27s86<\/p>\n\n\n\n<p><strong>UTVs<\/strong><\/p>\n\n\n\n<p>1) #102 Rodrigo Varela\/Matheus Mazzei, Can-Am Maverick X3, Varela Can-Am Monster Energy, (1)UT1, 01h37m50s21<\/p>\n\n\n\n<p>2) #112 Den\u00edsio Casarini\/Breno Rezente, Can-Am Maverick R, Can-Am Factory Racing, (2)UT1, 01h39m23s48<\/p>\n\n\n\n<p>3) #116 Bruno Varela\/Ari Fiuza, Can-Am Maverick X3, Varela Can-Am Monster Energy, (3)UT1, 1h42m58s37<\/p>\n\n\n\n<p>4) #133 Filipe Pereira Rocha\/ L\u00e9o Magalh\u00e3es, Can-Am Maverick X3, (4)UT1, 01h44m13s08<\/p>\n\n\n\n<p>5) #114 Pedro Dowel\/Daniel Spolidoro, Polaris RZR Pro R, Cotton Racing, (1)UT2, 01h44m20s61<\/p>\n\n\n\n<p><strong>CARROS<\/strong><\/p>\n\n\n\n<p>1) #302 Marcos Baumgart\/Beco Andreotti, Toyota Hilux GR DKR, X Rally Team, (1)T1M, 01h43m10s20<\/p>\n\n\n\n<p>2) ) #388 Gunter Hinkelmann\/Weidner Moreira, Ford Ranger, X Rally Team, (1)T11, 01h45m38s79<\/p>\n\n\n\n<p>3) # 304 Pedro Queirolo\/Lauro Sobreira, Buggy Giaffone V8, R.Mattheis Rally Team, (1)UBR, 01h46m08s51<\/p>\n\n\n\n<p>4) #321 Lelio Vieira\/Weberth Moreira, Can-Am Maverick R, Fifi Rally Team, (1)CHL, 01h56m51s50<\/p>\n\n\n\n<p>5) #326 Pedro Prado\/ Josi Koerich, Ford Ranger, X Rally Team, (2) UBR, 1h57m03s49<\/p>\n\n\n\n<p><strong>Classifica\u00e7\u00e3o acumulada, ap\u00f3s a quarta&nbsp;etapa:<\/strong><\/p>\n\n\n\n<p><strong>MOTOS<\/strong><\/p>\n\n\n\n<p>1) #1 Adrien Metge, Yamaha WR 450F, Yamaha IMS Rally Team, (1)MT1, 09h08m33s71<\/p>\n\n\n\n<p>2) #21 Mason Klein, Honda CRF 450 RX, Honda Racing Brasil Rally, (2)MT1, 09h23m45s20<\/p>\n\n\n\n<p>3) #4 Gabriel Bruning, Yamaha WR 450F, Yamaha IMS Rally Team, (1)MT2, 09h51m30s82<\/p>\n\n\n\n<p>4) #3 Gabriel Soares, Honda CRF 450 RX, Honda Racing Brasil Rally,(2)MT2, 09h54m21s86<\/p>\n\n\n\n<p>5) #2 Martin Duplessis, Honda CRF 450 RX, Honda Racing Brasil Rally, (3)MT1, 10h00m26s10<\/p>\n\n\n\n<p><strong>UTVs<\/strong><\/p>\n\n\n\n<p>1) #112 Den\u00edsio Casarini\/Breno Rezende, Can-Am Maverick R, Can-Am Factory Racing, (1)UT1, 09h44m43s74<\/p>\n\n\n\n<p>2) #133 Filipe Pereira Rocha\/ L\u00e9o Magalh\u00e3es, Can-Am Maverick X3, (2)UT1, 10h05m59s17<\/p>\n\n\n\n<p>3) #126 Jorge Wagenfuhr\/Humberto Wagenfuhr, Can-Am Maverick X3, Lifesil.com, (1)U45, 10h12m34s95<\/p>\n\n\n\n<p>4) #156 Conrado Matsumoto\/Andr\u00e9 Munhoz, Can-Am Maverick R, Varela Can-Am Monster Energy, (1) UT2, 10h15m07s29<\/p>\n\n\n\n<p>5) #120 Reinaldo Varela\/Tulio Taniguchi, Can-Am Maverick R, Varela Can-Am Monster Energy, (1)UOP, 10h15m29s32<\/p>\n\n\n\n<p><strong>CARROS<\/strong><\/p>\n\n\n\n<p>1) #302 Marcos Baumgart\/Beco Andreotti, Toyota Hilux GR DKR, X Rally Team, (1)T1M, 09h31m04s13<\/p>\n\n\n\n<p>2) # 304 Pedro Queirolo\/Lauro Sobreira, Buggy Giaffone V8, R.Mattheis Rally Team, (1)UBR, 10h15m37s34<\/p>\n\n\n\n<p>4) #388 Gunter Hinkelmann\/Weidner Moreira, Ford Ranger, X Rally Team, (1)T11, 10h22m40s58<\/p>\n\n\n\n<p>3) # 321 Lelio Vieira\/Weberth Moreira, Can-Am Maverick R, Fifi Rally Team, (1)CHL, 10h50m17s71<\/p>\n\n\n\n<p>5) #371 Cristiano Rocha\/Anderson Geraldi, Mitsubishi L200 RS, Accert Competi\u00e7\u00f5es, (1)PRO, 11h21m05s28<\/p>\n\n\n\n<p><strong><u>Resultados completos:<\/u><\/strong>&nbsp;<a href=\"https:\/\/chronosat.com.br\/novo\/2414-jlp.html\">https:\/\/chronosat.com.br\/novo\/2414-jlp.html<\/a><\/p>\n\n\n\n<p>.<\/p>\n\n\n\n<p><strong>Consultoria e Assessoria de Comunica\u00e7\u00e3o:<\/strong><\/p>\n\n\n\n<p>SIG Comunica\u00e7\u00e3o | sig@sigcomunicacao.com.br<\/p>\n\n\n\n<p>Silvana Grezzana Santos | (11) 999.726.966<\/p>\n\n\n\n<p>www.sigcomunicacao.com.br<\/p>\n\n\n\n<p>Cr\u00e9ditos: PhotoAction e DFotos<\/p>\n","protected":false},"excerpt":{"rendered":"<p>Prova foi realizada de 17 a 22 de junho e percorreu 1.500 quil\u00f4metros no interior do Tocantins. Ap\u00f3s disputa do pr\u00f3logo e quatro etapas: Adrien Metge (Motos), Denisio Casarini\/Breno Rezende (UTVS) e Marcos Baumgart\/Beco Andreotti (Carros) garantira seus t\u00edtulos. Palmas, TO&nbsp;\u2013 O Rally Jalap\u00e3o festeja a sua 10\u00aa edi\u00e7\u00e3o em prova v\u00e1lida para o &nbsp;Campeonato [&hellip;]<\/p>\n","protected":false},"author":2,"featured_media":695,"comment_status":"closed","ping_status":"closed","sticky":false,"template":"","format":"standard","meta":{"footnotes":""},"categories":[1],"tags":[],"class_list":["post-694","post","type-post","status-publish","format-standard","has-post-thumbnail","hentry","category-sem-categoria"],"_links":{"self":[{"href":"https:\/\/arenarally.com.br\/arena\/wp-json\/wp\/v2\/posts\/694","targetHints":{"allow":["GET"]}}],"collection":[{"href":"https:\/\/arenarally.com.br\/arena\/wp-json\/wp\/v2\/posts"}],"about":[{"href":"https:\/\/arenarally.com.br\/arena\/wp-json\/wp\/v2\/types\/post"}],"author":[{"embeddable":true,"href":"https:\/\/arenarally.com.br\/arena\/wp-json\/wp\/v2\/users\/2"}],"replies":[{"embeddable":true,"href":"https:\/\/arenarally.com.br\/arena\/wp-json\/wp\/v2\/comments?post=694"}],"version-history":[{"count":1,"href":"https:\/\/arenarally.com.br\/arena\/wp-json\/wp\/v2\/posts\/694\/revisions"}],"predecessor-version":[{"id":702,"href":"https:\/\/arenarally.com.br\/arena\/wp-json\/wp\/v2\/posts\/694\/revisions\/702"}],"wp:featuredmedia":[{"embeddable":true,"href":"https:\/\/arenarally.com.br\/arena\/wp-json\/wp\/v2\/media\/695"}],"wp:attachment":[{"href":"https:\/\/arenarally.com.br\/arena\/wp-json\/wp\/v2\/media?parent=694"}],"wp:term":[{"taxonomy":"category","embeddable":true,"href":"https:\/\/arenarally.com.br\/arena\/wp-json\/wp\/v2\/categories?post=694"},{"taxonomy":"post_tag","embeddable":true,"href":"https:\/\/arenarally.com.br\/arena\/wp-json\/wp\/v2\/tags?post=694"}],"curies":[{"name":"wp","href":"https:\/\/api.w.org\/{rel}","templated":true}]}}