{"id":716,"date":"2024-07-12T18:17:43","date_gmt":"2024-07-12T21:17:43","guid":{"rendered":"https:\/\/arenarally.com.br\/arena\/?p=716"},"modified":"2024-07-12T18:23:00","modified_gmt":"2024-07-12T21:23:00","slug":"18o-rally-cuesta-teve-abertura-nesta-sexta-feira-em-botucatu-sp","status":"publish","type":"post","link":"https:\/\/arenarally.com.br\/arena\/18o-rally-cuesta-teve-abertura-nesta-sexta-feira-em-botucatu-sp\/","title":{"rendered":"18\u00ba Rally Cuesta teve abertura nesta sexta-feira em Botucatu\/SP"},"content":{"rendered":"\n<p class=\"has-text-align-center\"><em>Entre as primeiras atividades da prova v\u00e1lida para o Brasileiro Baja esteve a montagem dos boxes, vistorias, treino livre opcional (shakedown) e briefing dos competidores. As disputas ser\u00e3o neste s\u00e1bado e domingo (13 e 14)<\/em><\/p>\n\n\n\n<p><strong>Botucatu, SP \u2013<\/strong>&nbsp;Nesta sexta-feira (12) o Distrito de Vitoriana, em Botucatu (SP) recebeu as equipes que disputar\u00e3o a 18\u00aa edi\u00e7\u00e3o do Rally Cuesta \u2013 prova que vale pontos pelas s\u00e9tima e oitava etapas do Campeonato Brasileiro de Rally Baja 2024. Neste final de semana \u2013 12 a 14 de julho \u2013 o clima vai esquentar assim que se derem a partida nos motores de motos e UTVs, que em dois dias de disputas v\u00e3o acelerar por 267 quil\u00f4metros de trechos cronometrados, totalizando 325 quil\u00f4metros com os deslocamentos.<\/p>\n\n\n\n<figure class=\"wp-block-image size-large\"><img loading=\"lazy\" decoding=\"async\" width=\"1024\" height=\"576\" src=\"http:\/\/arenarally.com.br\/arena\/wp-content\/uploads\/2024\/07\/PHS-1024x576.jpeg\" alt=\"\" class=\"wp-image-717\" srcset=\"https:\/\/arenarally.com.br\/arena\/wp-content\/uploads\/2024\/07\/PHS-1024x576.jpeg 1024w, https:\/\/arenarally.com.br\/arena\/wp-content\/uploads\/2024\/07\/PHS-300x169.jpeg 300w, https:\/\/arenarally.com.br\/arena\/wp-content\/uploads\/2024\/07\/PHS-768x432.jpeg 768w, https:\/\/arenarally.com.br\/arena\/wp-content\/uploads\/2024\/07\/PHS-1536x864.jpeg 1536w, https:\/\/arenarally.com.br\/arena\/wp-content\/uploads\/2024\/07\/PHS-2048x1152.jpeg 2048w\" sizes=\"auto, (max-width: 1024px) 100vw, 1024px\" \/><\/figure>\n\n\n\n<p>De acordo com a Arena Promo\u00e7\u00f5es e Eventos\u2013 organizadora do evento \u2013 o percurso \u00e9 um presente aos pilotos e navegadores, uma vez que mescla trechos de alta e m\u00e9dia velocidade, subidas e descidas. O circuito previsto no interior de fazendas da regi\u00e3o aos arredores de Botucatu \u00e9 bom para acelerar fundo, com aten\u00e7\u00e3o no percurso para as curvas de n\u00edvel, que compreendem bons saltos.<\/p>\n\n\n<div class=\"wp-block-image\">\n<figure class=\"aligncenter size-large is-resized\"><img loading=\"lazy\" decoding=\"async\" width=\"683\" height=\"1024\" src=\"http:\/\/arenarally.com.br\/arena\/wp-content\/uploads\/2024\/07\/WhatsApp-Image-2024-07-12-at-16.34.27-683x1024.jpeg\" alt=\"\" class=\"wp-image-719\" style=\"width:248px;height:auto\" srcset=\"https:\/\/arenarally.com.br\/arena\/wp-content\/uploads\/2024\/07\/WhatsApp-Image-2024-07-12-at-16.34.27-683x1024.jpeg 683w, https:\/\/arenarally.com.br\/arena\/wp-content\/uploads\/2024\/07\/WhatsApp-Image-2024-07-12-at-16.34.27-200x300.jpeg 200w, https:\/\/arenarally.com.br\/arena\/wp-content\/uploads\/2024\/07\/WhatsApp-Image-2024-07-12-at-16.34.27-768x1152.jpeg 768w, https:\/\/arenarally.com.br\/arena\/wp-content\/uploads\/2024\/07\/WhatsApp-Image-2024-07-12-at-16.34.27-1024x1536.jpeg 1024w, https:\/\/arenarally.com.br\/arena\/wp-content\/uploads\/2024\/07\/WhatsApp-Image-2024-07-12-at-16.34.27.jpeg 1066w\" sizes=\"auto, (max-width: 683px) 100vw, 683px\" \/><\/figure>\n<\/div>\n\n\n<p>O l\u00edder entre os UTVs, Vinicius Castro, da equipe C3 Racing. \u201cDepois de dois meses parados desde a \u00faltima etapa do Baja, aproveitamos o tempo antes do shakedown (4 km) para dar mais uma boa revisada em todo o equipamento. O objetivo de manter a posi\u00e7\u00e3o no campeonato. Tanto na geral como na categoria UTV-2. J\u00e1 que viemos \u00e0 Botucatu, queremos ter uma boa performance\u201d, destacou o piloto Vinicius Castro.<\/p>\n\n\n\n<p>A programa\u00e7\u00e3o do 18\u00ba Rally Cuesta come\u00e7a para valer neste s\u00e1bado (13), os motores ser\u00e3o ligados oficialmente logo cedo: \u00e0s 8h acontece o pr\u00f3logo somente para os UTVs \u2013 tomada de tempo que definir\u00e1 a ordem de largada da primeira etapa. E, na sequ\u00eancia, \u00e0s 11h30, larga a primeira moto na especial. No domingo (14), as largadas come\u00e7am a partir das 8h. A premia\u00e7\u00e3o est\u00e1 prevista para as 15 horas.<\/p>\n\n\n\n<p>O 18\u00ba Rally Cuesta \u00e9 uma realiza\u00e7\u00e3o de Arena Promo\u00e7\u00f5es e Eventos. A competi\u00e7\u00e3o conta com o patroc\u00ednio do C6 Bank e o apoio da Prefeitura Municipal de Botucatu e Secretaria Adjunta de Turismo e Primar Plaza Hotel. A supervis\u00e3o \u00e9 da CBM &#8211; Confedera\u00e7\u00e3o Brasileira de Motociclismo.<\/p>\n\n\n\n<p>Para mais informa\u00e7\u00f5es acesse o site&nbsp;<a href=\"https:\/\/click.presskit.com.br\/url\/101332634b7\/2889606d80\">www.arenarally.com.br<\/a>. Acompanhe a etapa nas redes sociais pelo Instagram @arenarally e facebook @rallycuesta.<\/p>\n\n\n\n<p><strong>PROGRAMA\u00c7\u00c3O \u2013 RALLY CUESTA<\/strong><\/p>\n\n\n\n<p><strong>12 a 14 \/07 \u2013 BOTUCATU\/SP<\/strong><\/p>\n\n\n\n<p><strong>Local: Distrito de Vitoriana (campo de futebol)<\/strong><\/p>\n\n\n\n<p><strong>13\/07 \u2013 S\u00e1bado<\/strong><\/p>\n\n\n\n<p>08h00 \u2013 Pr\u00f3logo (somente para utvs)<\/p>\n\n\n\n<p>11h30 \u2013 Largada 1\u00aa Moto (parque de apoio)<\/p>\n\n\n\n<p>*Largada pelo ranking do campeonato Brasileiro.<\/p>\n\n\n\n<p>20h00 \u2013 Briefing virtual no grupo do evento<\/p>\n\n\n\n<p>Primar Plaza Hotel (jantar opcional)<\/p>\n\n\n\n<p><strong>14\/07 \u2013 Domingo<\/strong><\/p>\n\n\n\n<p>08h00 \u2013 Largada 1\u00aa Moto (parque de apoio)<\/p>\n\n\n\n<p>15h00 \u2013 Premia\u00e7\u00e3o<\/p>\n\n\n\n<p>Local: Primar Plaza Hotel (almo\u00e7o opcional.).<\/p>\n\n\n\n<p>.<\/p>\n\n\n\n<p><strong>FICHA T\u00c9CNICA<\/strong><\/p>\n\n\n\n<p>Percurso Pr\u00f3logo \u2013 DI &#8211; 7,94 km | SS 6,90 km | DF 10,46 km = 25 km<\/p>\n\n\n\n<p>Percurso Especial \u2013 DI \u2013 9,85 km | SS \u2013 130,27 km | DF \u2013 9,77 km = 149,89<\/p>\n\n\n\n<p>Abastecimento km 68<\/p>\n\n\n\n<p>Total s\u00e1bado 174,89 km e domingo 149,89 km = 324,78 km<\/p>\n\n\n\n<p>.&nbsp;<\/p>\n\n\n\n<p><strong>Campeonato Brasileiro de Rally Baja<\/strong><\/p>\n\n\n\n<p>01 a 03\/03 \u2013 Rally Barretos<\/p>\n\n\n\n<p>05 a 07\/04 \u2013 Rally Rota Sudeste<\/p>\n\n\n\n<p>03 a 05\/05 \u2013 Rally Poeira<\/p>\n\n\n\n<p>12 a 14\/07 \u2013 Rally Cuesta<\/p>\n\n\n\n<p>22 a 24\/11 \u2013 Rally Serra Azul<\/p>\n\n\n\n<p>06 a 08\/12 \u2013 Rally Serra Verde<\/p>\n\n\n\n<p>.<\/p>\n\n\n\n<p><strong>Mais informa\u00e7\u00f5es:<\/strong><\/p>\n\n\n\n<p>Site:&nbsp;<a href=\"http:\/\/www.arenarally.com.br\/\">www.arenarally.com.br<\/a>&nbsp;|&nbsp;<a href=\"http:\/\/www.rallypoeira.com.br\/\">www.rallypoeira.com.br<\/a><\/p>\n\n\n\n<p>Facebook:&nbsp;<a href=\"http:\/\/www.facebook.com.br\/rallypoeira\">www.facebook.com.br\/rallypoeira<\/a><\/p>\n\n\n\n<p>Instagram: @areanarally \/ #arenarally<\/p>\n\n\n\n<p><strong>Consultoria de Comunica\u00e7\u00e3o e Assessoria<\/strong><\/p>\n\n\n\n<p>SIG Comunica\u00e7\u00e3o |&nbsp;<a href=\"mailto:sig@sigcomunicacao.com.br\">sig@sigcomunicacao.com.br<\/a><\/p>\n\n\n\n<p>Silvana Grezzana Santos | +55 (11) 999.726.966<\/p>\n\n\n\n<p><a href=\"http:\/\/www.sigcomunicacao.com.br\/\">www.sigcomunicacao.com.br<\/a><\/p>\n","protected":false},"excerpt":{"rendered":"<p>Entre as primeiras atividades da prova v\u00e1lida para o Brasileiro Baja esteve a montagem dos boxes, vistorias, treino livre opcional (shakedown) e briefing dos competidores. As disputas ser\u00e3o neste s\u00e1bado e domingo (13 e 14) Botucatu, SP \u2013&nbsp;Nesta sexta-feira (12) o Distrito de Vitoriana, em Botucatu (SP) recebeu as equipes que disputar\u00e3o a 18\u00aa edi\u00e7\u00e3o [&hellip;]<\/p>\n","protected":false},"author":2,"featured_media":718,"comment_status":"closed","ping_status":"closed","sticky":false,"template":"","format":"standard","meta":{"footnotes":""},"categories":[1],"tags":[],"class_list":["post-716","post","type-post","status-publish","format-standard","has-post-thumbnail","hentry","category-sem-categoria"],"_links":{"self":[{"href":"https:\/\/arenarally.com.br\/arena\/wp-json\/wp\/v2\/posts\/716","targetHints":{"allow":["GET"]}}],"collection":[{"href":"https:\/\/arenarally.com.br\/arena\/wp-json\/wp\/v2\/posts"}],"about":[{"href":"https:\/\/arenarally.com.br\/arena\/wp-json\/wp\/v2\/types\/post"}],"author":[{"embeddable":true,"href":"https:\/\/arenarally.com.br\/arena\/wp-json\/wp\/v2\/users\/2"}],"replies":[{"embeddable":true,"href":"https:\/\/arenarally.com.br\/arena\/wp-json\/wp\/v2\/comments?post=716"}],"version-history":[{"count":2,"href":"https:\/\/arenarally.com.br\/arena\/wp-json\/wp\/v2\/posts\/716\/revisions"}],"predecessor-version":[{"id":721,"href":"https:\/\/arenarally.com.br\/arena\/wp-json\/wp\/v2\/posts\/716\/revisions\/721"}],"wp:featuredmedia":[{"embeddable":true,"href":"https:\/\/arenarally.com.br\/arena\/wp-json\/wp\/v2\/media\/718"}],"wp:attachment":[{"href":"https:\/\/arenarally.com.br\/arena\/wp-json\/wp\/v2\/media?parent=716"}],"wp:term":[{"taxonomy":"category","embeddable":true,"href":"https:\/\/arenarally.com.br\/arena\/wp-json\/wp\/v2\/categories?post=716"},{"taxonomy":"post_tag","embeddable":true,"href":"https:\/\/arenarally.com.br\/arena\/wp-json\/wp\/v2\/tags?post=716"}],"curies":[{"name":"wp","href":"https:\/\/api.w.org\/{rel}","templated":true}]}}