{"id":743,"date":"2024-08-20T17:21:59","date_gmt":"2024-08-20T20:21:59","guid":{"rendered":"https:\/\/arenarally.com.br\/arena\/?p=743"},"modified":"2024-08-20T17:43:15","modified_gmt":"2024-08-20T20:43:15","slug":"rally-serra-azul-2024-no-inicio-de-novembro-no-rodoserv-stop-de-pardinho-sp","status":"publish","type":"post","link":"https:\/\/arenarally.com.br\/arena\/rally-serra-azul-2024-no-inicio-de-novembro-no-rodoserv-stop-de-pardinho-sp\/","title":{"rendered":"Rally Serra Azul 2024 ser\u00e1 no in\u00edcio de novembro no Rodoserv Stop de Pardinho\/SP"},"content":{"rendered":"\n<p><em>Pilotos e navegadores disputar\u00e3o, no interior paulista, a pen\u00faltima prova do calend\u00e1rio do Campeonato Brasileiro de Rally Baja, entre os dias 01 a 03 de novembro. As inscri\u00e7\u00f5es est\u00e3o abertas no site arenarally.com.br<\/em><\/p>\n\n\n\n<p>O 10\u00ba Rally Serra Azul que integra o calend\u00e1rio do Campeonato Brasileiro de Rally Baja 2024, nas categorias motocicletas e UTVs, acontecer\u00e1 no primeiro final de semana de novembro, nos dias 01 a 03 de novembro, no Posto Rodoserv Stop, localizado \u00e0s margens da Rodovia Presidente Castelo Branco, em Pardinho, interior de S\u00e3o Paulo. As inscri\u00e7\u00f5es est\u00e3o abertas no site oficial&nbsp;<a href=\"https:\/\/click.presskit.com.br\/url\/870971688b\/2889606d80\">www.arenarally.com.br<\/a>.<\/p>\n\n\n\n<figure class=\"wp-block-image size-large\"><img loading=\"lazy\" decoding=\"async\" width=\"1024\" height=\"681\" src=\"http:\/\/arenarally.com.br\/arena\/wp-content\/uploads\/2024\/07\/84photoAction-1024x681.jpeg\" alt=\"\" class=\"wp-image-725\" srcset=\"https:\/\/arenarally.com.br\/arena\/wp-content\/uploads\/2024\/07\/84photoAction-1024x681.jpeg 1024w, https:\/\/arenarally.com.br\/arena\/wp-content\/uploads\/2024\/07\/84photoAction-300x200.jpeg 300w, https:\/\/arenarally.com.br\/arena\/wp-content\/uploads\/2024\/07\/84photoAction-768x511.jpeg 768w, https:\/\/arenarally.com.br\/arena\/wp-content\/uploads\/2024\/07\/84photoAction-1536x1021.jpeg 1536w, https:\/\/arenarally.com.br\/arena\/wp-content\/uploads\/2024\/07\/84photoAction.jpeg 1600w\" sizes=\"auto, (max-width: 1024px) 100vw, 1024px\" \/><\/figure>\n\n\n\n<p>O evento ter\u00e1 programa\u00e7\u00e3o em dois dias pelo quinto ano consecutivo para uma etapa divertida e encantadora organizado pela Arena Promo\u00e7\u00f5es e Eventos. O roteiro ter\u00e1 um percurso de aproximadamente 350 quil\u00f4metros, distribu\u00eddos em quatro especiais e contar\u00e1 com um pr\u00f3logo para definir a ordem de largada em circuito com cerca de tr\u00eas quil\u00f4metros.<\/p>\n\n\n\n<p>Na sexta-feira, 01 de novembro, as atividades come\u00e7am a partir das 10 horas no Posto Rodoserv Stop, onde ficar\u00e1 o parque de apoio das equipes, como tamb\u00e9m a secretaria de prova e ser\u00e3o realizadas as vistorias t\u00e9cnicas dos ve\u00edculos, premia\u00e7\u00e3o, as largadas e chegadas das disputas at\u00e9 o domingo, 03.<\/p>\n\n\n\n<figure class=\"wp-block-image size-large\"><img loading=\"lazy\" decoding=\"async\" width=\"1024\" height=\"688\" src=\"http:\/\/arenarally.com.br\/arena\/wp-content\/uploads\/2024\/07\/45photoAction-1024x688.jpeg\" alt=\"\" class=\"wp-image-728\" srcset=\"https:\/\/arenarally.com.br\/arena\/wp-content\/uploads\/2024\/07\/45photoAction-1024x688.jpeg 1024w, https:\/\/arenarally.com.br\/arena\/wp-content\/uploads\/2024\/07\/45photoAction-300x202.jpeg 300w, https:\/\/arenarally.com.br\/arena\/wp-content\/uploads\/2024\/07\/45photoAction-768x516.jpeg 768w, https:\/\/arenarally.com.br\/arena\/wp-content\/uploads\/2024\/07\/45photoAction.jpeg 1280w\" sizes=\"auto, (max-width: 1024px) 100vw, 1024px\" \/><\/figure>\n\n\n\n<p>A abertura oficial do evento ser\u00e1 na noite da sexta-feira, \u00e0s 19h00, no momento do briefing para os competidores com a presen\u00e7a de representantes da Confedera\u00e7\u00e3o Brasileira de Motociclismo.<\/p>\n\n\n\n<p>A 10\u00aa edi\u00e7\u00e3o do Rally Serra Azul \u00e9 uma realiza\u00e7\u00e3o da Arena Promo\u00e7\u00f5es e Eventos. Tem patroc\u00ednio do C6 Bank e apoio da do Posto Rodoserv Stop e Anube Sport. A Supervis\u00e3o \u00e9 da CBM &#8211; Confedera\u00e7\u00e3o Brasileira de Motociclismo.<\/p>\n\n\n\n<p>O Hotel Oficial \u00e9 o Rodoserv Hotel, na Rodovia Castelo Branco Km 193, para reservas entrar em contato no&nbsp;<a href=\"mailto:atendimento@rodoservhotel.com.br\">atendimento@rodoservhotel.com.br<\/a>&nbsp;ou nos telefones (14) 3886-9050 \/ 99748-1087.<\/p>\n\n\n\n<p>Acompanhe a etapa pelo Instagram @arenarally.<\/p>\n\n\n\n<figure class=\"wp-block-image size-large\"><img loading=\"lazy\" decoding=\"async\" width=\"1024\" height=\"681\" src=\"http:\/\/arenarally.com.br\/arena\/wp-content\/uploads\/2024\/07\/WhatsApp-Image-2023-05-06-at-18.25.11-1024x681.jpeg\" alt=\"\" class=\"wp-image-714\" srcset=\"https:\/\/arenarally.com.br\/arena\/wp-content\/uploads\/2024\/07\/WhatsApp-Image-2023-05-06-at-18.25.11-1024x681.jpeg 1024w, https:\/\/arenarally.com.br\/arena\/wp-content\/uploads\/2024\/07\/WhatsApp-Image-2023-05-06-at-18.25.11-300x200.jpeg 300w, https:\/\/arenarally.com.br\/arena\/wp-content\/uploads\/2024\/07\/WhatsApp-Image-2023-05-06-at-18.25.11-768x511.jpeg 768w, https:\/\/arenarally.com.br\/arena\/wp-content\/uploads\/2024\/07\/WhatsApp-Image-2023-05-06-at-18.25.11-1536x1021.jpeg 1536w, https:\/\/arenarally.com.br\/arena\/wp-content\/uploads\/2024\/07\/WhatsApp-Image-2023-05-06-at-18.25.11.jpeg 1600w\" sizes=\"auto, (max-width: 1024px) 100vw, 1024px\" \/><\/figure>\n\n\n\n<p><strong>PROGRAMA\u00c7\u00c3O DO RALLY SERRA AZUL<\/strong><\/p>\n\n\n\n<p>Data: 01 a 03 de novembro de 2024<\/p>\n\n\n\n<p>Local: Posto Rodoserv Stop (Pardinho\/SP)<\/p>\n\n\n\n<p>Parque de Apoio: Rodovia Castelo Branco Km 193<\/p>\n\n\n\n<p><strong>01\/11 \u2013 Sexta-feira<\/strong><\/p>\n\n\n\n<p>10h00 \u00e0s 12h00 \u2013 13h00 \u00e0s 17h00 &#8211; Secretaria de Prova no parque de apoio<\/p>\n\n\n\n<p>10h30 \u2013 Entrega equipamento Stella<\/p>\n\n\n\n<p>14h00 \u00e0s 17h30 \u2013 Vistorias CBM e Stella<\/p>\n\n\n\n<p>16h00 \u00e0s 18h00 \u2013Shakedown &#8211; UTV<\/p>\n\n\n\n<p>19h30 \u2013 Briefing no restaurante do hotel.<\/p>\n\n\n\n<p><strong>02\/11 \u2013 S\u00e1bado<\/strong><\/p>\n\n\n\n<p>08h00 \u2013 Pr\u00f3logo (3 km)<\/p>\n\n\n\n<p>11h00 \u2013 Largada 1\u00aa moto.<\/p>\n\n\n\n<p>12h00 \u2013 Largada 1\u2070 utv.<\/p>\n\n\n\n<p><strong>03\/11 \u2013 Domingo<\/strong><\/p>\n\n\n\n<p>08h00 \u2013 Largada 1\u00aa moto<\/p>\n\n\n\n<p>09h00 \u2013 Largada 1\u2070 utv.<\/p>\n\n\n\n<p>14h30 \u2013 Premia\u00e7\u00e3o<\/p>\n\n\n\n<p>Local: Restaurante do Hotel<\/p>\n\n\n\n<p><\/p>\n\n\n\n<p><strong>Consultoria de Comunica\u00e7\u00e3o e Assessoria de Imprensa<\/strong><\/p>\n\n\n\n<p>SIG Comunica\u00e7\u00e3o | sig@sigcomunicacao.com.br<\/p>\n\n\n\n<p>Silvana Grezzana Santos | +55 (11) 999.726.966<\/p>\n","protected":false},"excerpt":{"rendered":"<p>Pilotos e navegadores disputar\u00e3o, no interior paulista, a pen\u00faltima prova do calend\u00e1rio do Campeonato Brasileiro de Rally Baja, entre os dias 01 a 03 de novembro. As inscri\u00e7\u00f5es est\u00e3o abertas no site arenarally.com.br O 10\u00ba Rally Serra Azul que integra o calend\u00e1rio do Campeonato Brasileiro de Rally Baja 2024, nas categorias motocicletas e UTVs, acontecer\u00e1 [&hellip;]<\/p>\n","protected":false},"author":2,"featured_media":744,"comment_status":"closed","ping_status":"closed","sticky":false,"template":"","format":"standard","meta":{"footnotes":""},"categories":[1],"tags":[],"class_list":["post-743","post","type-post","status-publish","format-standard","has-post-thumbnail","hentry","category-sem-categoria"],"_links":{"self":[{"href":"https:\/\/arenarally.com.br\/arena\/wp-json\/wp\/v2\/posts\/743","targetHints":{"allow":["GET"]}}],"collection":[{"href":"https:\/\/arenarally.com.br\/arena\/wp-json\/wp\/v2\/posts"}],"about":[{"href":"https:\/\/arenarally.com.br\/arena\/wp-json\/wp\/v2\/types\/post"}],"author":[{"embeddable":true,"href":"https:\/\/arenarally.com.br\/arena\/wp-json\/wp\/v2\/users\/2"}],"replies":[{"embeddable":true,"href":"https:\/\/arenarally.com.br\/arena\/wp-json\/wp\/v2\/comments?post=743"}],"version-history":[{"count":2,"href":"https:\/\/arenarally.com.br\/arena\/wp-json\/wp\/v2\/posts\/743\/revisions"}],"predecessor-version":[{"id":746,"href":"https:\/\/arenarally.com.br\/arena\/wp-json\/wp\/v2\/posts\/743\/revisions\/746"}],"wp:featuredmedia":[{"embeddable":true,"href":"https:\/\/arenarally.com.br\/arena\/wp-json\/wp\/v2\/media\/744"}],"wp:attachment":[{"href":"https:\/\/arenarally.com.br\/arena\/wp-json\/wp\/v2\/media?parent=743"}],"wp:term":[{"taxonomy":"category","embeddable":true,"href":"https:\/\/arenarally.com.br\/arena\/wp-json\/wp\/v2\/categories?post=743"},{"taxonomy":"post_tag","embeddable":true,"href":"https:\/\/arenarally.com.br\/arena\/wp-json\/wp\/v2\/tags?post=743"}],"curies":[{"name":"wp","href":"https:\/\/api.w.org\/{rel}","templated":true}]}}