{"id":749,"date":"2024-10-10T17:42:07","date_gmt":"2024-10-10T20:42:07","guid":{"rendered":"https:\/\/arenarally.com.br\/arena\/?p=749"},"modified":"2024-10-10T17:42:08","modified_gmt":"2024-10-10T20:42:08","slug":"contagem-regressiva-para-largada-do-10-rally-serra-azul","status":"publish","type":"post","link":"https:\/\/arenarally.com.br\/arena\/contagem-regressiva-para-largada-do-10-rally-serra-azul\/","title":{"rendered":"Contagem regressiva para largada do 10\u00b0 Rally Serra Azul"},"content":{"rendered":"\n<p><em>V\u00e1lido pelo Campeonato Brasileiro de Rally Baja, a competi\u00e7\u00e3o \u00e9 uma das \u00faltimas chances dos competidores de motos e UTVs correrem em busca do t\u00edtulo da temporada 2024<\/em><\/p>\n\n\n\n<p>Faltam apenas 20 dias para a largada do 10\u00ba Rally Serra Azul, que \u00e9 v\u00e1lido como pen\u00faltima etapa do Campeonato Brasileiro de Rally Baja 2024, nas categorias motos e UTVs.&nbsp;A competi\u00e7\u00e3o ser\u00e1 realizada nos dias&nbsp; 1 a 3 de novembro, no Posto Rodoserv Stop, \u00e0s margens da Rodovia Presidente Castelo Branco, em Pardinho (SP), a 200 quil\u00f4metros da capital paulista.<\/p>\n\n\n\n<figure class=\"wp-block-image size-large\"><img loading=\"lazy\" decoding=\"async\" width=\"1024\" height=\"683\" src=\"http:\/\/arenarally.com.br\/arena\/wp-content\/uploads\/2024\/05\/WhatsApp-Image-2024-05-04-at-19.07.31-1024x683.jpeg\" alt=\"\" class=\"wp-image-628\" srcset=\"https:\/\/arenarally.com.br\/arena\/wp-content\/uploads\/2024\/05\/WhatsApp-Image-2024-05-04-at-19.07.31-1024x683.jpeg 1024w, https:\/\/arenarally.com.br\/arena\/wp-content\/uploads\/2024\/05\/WhatsApp-Image-2024-05-04-at-19.07.31-300x200.jpeg 300w, https:\/\/arenarally.com.br\/arena\/wp-content\/uploads\/2024\/05\/WhatsApp-Image-2024-05-04-at-19.07.31-768x512.jpeg 768w, https:\/\/arenarally.com.br\/arena\/wp-content\/uploads\/2024\/05\/WhatsApp-Image-2024-05-04-at-19.07.31-1536x1024.jpeg 1536w, https:\/\/arenarally.com.br\/arena\/wp-content\/uploads\/2024\/05\/WhatsApp-Image-2024-05-04-at-19.07.31.jpeg 1600w\" sizes=\"auto, (max-width: 1024px) 100vw, 1024px\" \/><\/figure>\n\n\n\n<p>A equipe t\u00e9cnica respons\u00e1vel pela confer\u00eancia do roteiro e das planilhas j\u00e1 est\u00e1 no local, cuidando de todos os detalhes para fazer mais uma prova incr\u00edvel, dentro dos padr\u00f5es conhecidos pelos pilotos e navegadores do campeonato brasileiro. \u201cFizemos um roteiro com trechos predominantemente de areia e de cascalho. Escolhemos locais com lombas , curvas sinuosas,&nbsp; subidas e descidas, para mesclar \u00e1reas de m\u00e9dia e alta velocidades\u201d, adiantou o organizador do rally, Henrique Arena.<\/p>\n\n\n\n<p>Pelo quinto ano consecutivo, o Rally Serra Azul ter\u00e1 dois dias de corridas. Na manh\u00e3 do dia 1 de novembro, um pr\u00f3logo em circuito de aproximadamente tr\u00eas quil\u00f4metros definir\u00e1 a ordem de largada das motos e dos UTVs. A largada para a primeira especial ser\u00e1 logo em seguida. O roteiro ter\u00e1 um percurso total de aproximadamente 280 quil\u00f4metros, distribu\u00eddos em quatro especiais de cerca de 70 quil\u00f4metros, entre o s\u00e1bado e o domingo.<\/p>\n\n\n\n<figure class=\"wp-block-image size-large\"><img loading=\"lazy\" decoding=\"async\" width=\"1024\" height=\"682\" src=\"http:\/\/arenarally.com.br\/arena\/wp-content\/uploads\/2024\/06\/photoaction9-1024x682.jpeg\" alt=\"\" class=\"wp-image-701\" srcset=\"https:\/\/arenarally.com.br\/arena\/wp-content\/uploads\/2024\/06\/photoaction9-1024x682.jpeg 1024w, https:\/\/arenarally.com.br\/arena\/wp-content\/uploads\/2024\/06\/photoaction9-300x200.jpeg 300w, https:\/\/arenarally.com.br\/arena\/wp-content\/uploads\/2024\/06\/photoaction9-768x512.jpeg 768w, https:\/\/arenarally.com.br\/arena\/wp-content\/uploads\/2024\/06\/photoaction9-1536x1023.jpeg 1536w, https:\/\/arenarally.com.br\/arena\/wp-content\/uploads\/2024\/06\/photoaction9.jpeg 1600w\" sizes=\"auto, (max-width: 1024px) 100vw, 1024px\" \/><\/figure>\n\n\n\n<p>Ser\u00e1 a pen\u00faltima chance dos pilotos e navegadores batalharem pelas melhores coloca\u00e7\u00f5es no p\u00f3dio da temporada 2024 do Campeonato Brasileiro e as disputas seguem acirradas!<\/p>\n\n\n\n<p>As inscri\u00e7\u00f5es seguem abertas at\u00e9 dia 29 de outubro no site arenarally.com.br. Na sexta-feira, 01 de novembro, as atividades come\u00e7am a partir das 10 horas no Posto Rodoserv Stop, onde ficar\u00e1 o parque de apoio das equipes e a secretaria de prova. Ali tamb\u00e9m ser\u00e3o realizadas as vistorias t\u00e9cnicas dos ve\u00edculos, premia\u00e7\u00e3o, as largadas e chegadas das disputas. A abertura oficial do evento ser\u00e1 na noite da sexta-feira, \u00e0s 19h, no momento do briefing para os competidores com a presen\u00e7a de representantes da Confedera\u00e7\u00e3o Brasileira de Motociclismo.<\/p>\n\n\n\n<p>A 10\u00aa edi\u00e7\u00e3o do Rally Serra Azul \u00e9 uma realiza\u00e7\u00e3o da Arena Promo\u00e7\u00f5es e Eventos. Tem&nbsp;apoio do C6 Bank, do Posto Rodoserv Stop e Anube Sport. A Supervis\u00e3o \u00e9 da CBM &#8211; Confedera\u00e7\u00e3o Brasileira de Motociclismo.<\/p>\n\n\n\n<p>O Hotel Oficial \u00e9 o Rodoserv Hotel, na Rodovia Castelo Branco Km 193, para reservas entrar em contato no atendimento@rodoservhotel.com.br ou nos telefones (14) 3886-9050 \/ 99748-1087.<\/p>\n\n\n\n<p><strong>Acompanhe a etapa pelo Instagram<\/strong>&nbsp;@arenarally.<\/p>\n\n\n\n<p><\/p>\n\n\n\n<p>&nbsp;<strong>PROGRAMA\u00c7\u00c3O DO RALLY SERRA AZUL<\/strong><\/p>\n\n\n\n<p>Data: 01 a 03 de novembro de 2024<\/p>\n\n\n\n<p>Local: Posto Rodoserv Stop (Pardinho\/SP)<\/p>\n\n\n\n<p>Parque de Apoio: Rodovia Castelo Branco Km 193<\/p>\n\n\n\n<p><strong>01\/11 \u2013 Sexta-feira<\/strong><\/p>\n\n\n\n<p>10h00 \u00e0s 12h00 \u2013 13h00 \u00e0s 17h00 &#8211; Secretaria de Prova no parque de apoio<\/p>\n\n\n\n<p>10h30 \u2013 Entrega equipamento Stella<\/p>\n\n\n\n<p>14h00 \u00e0s 17h30 \u2013 Vistorias CBM e Stella<\/p>\n\n\n\n<p>16h00 \u00e0s 18h00 \u2013Shakedown &#8211; UTV<\/p>\n\n\n\n<p>19h30 \u2013 Briefing no restaurante do hotel.<\/p>\n\n\n\n<p><strong>02\/11 \u2013 S\u00e1bado<\/strong><\/p>\n\n\n\n<p>08h00 \u2013 Pr\u00f3logo (3 km)<\/p>\n\n\n\n<p>11h00 \u2013 Largada 1\u00aa moto.<\/p>\n\n\n\n<p>12h00 \u2013 Largada 1\u2070 utv.<\/p>\n\n\n\n<p><strong>03\/11 \u2013 Domingo<\/strong><\/p>\n\n\n\n<p>08h00 \u2013 Largada 1\u00aa moto<\/p>\n\n\n\n<p>09h00 \u2013 Largada 1\u2070 utv.<\/p>\n\n\n\n<p>14h30 \u2013 Premia\u00e7\u00e3o<\/p>\n\n\n\n<p>Local: Restaurante do Hotel<\/p>\n\n\n\n<p><\/p>\n\n\n\n<p><strong>Consultoria de Comunica\u00e7\u00e3o e Assessoria de Imprensa<\/strong><\/p>\n\n\n\n<p>SIG Comunica\u00e7\u00e3o | sig@sigcomunicacao.com.br<\/p>\n\n\n\n<p>Silvana Grezzana Santos | +55 (11) 999.726.966<\/p>\n","protected":false},"excerpt":{"rendered":"<p>V\u00e1lido pelo Campeonato Brasileiro de Rally Baja, a competi\u00e7\u00e3o \u00e9 uma das \u00faltimas chances dos competidores de motos e UTVs correrem em busca do t\u00edtulo da temporada 2024 Faltam apenas 20 dias para a largada do 10\u00ba Rally Serra Azul, que \u00e9 v\u00e1lido como pen\u00faltima etapa do Campeonato Brasileiro de Rally Baja 2024, nas categorias [&hellip;]<\/p>\n","protected":false},"author":2,"featured_media":0,"comment_status":"closed","ping_status":"closed","sticky":false,"template":"","format":"standard","meta":{"footnotes":""},"categories":[1],"tags":[],"class_list":["post-749","post","type-post","status-publish","format-standard","hentry","category-sem-categoria"],"_links":{"self":[{"href":"https:\/\/arenarally.com.br\/arena\/wp-json\/wp\/v2\/posts\/749","targetHints":{"allow":["GET"]}}],"collection":[{"href":"https:\/\/arenarally.com.br\/arena\/wp-json\/wp\/v2\/posts"}],"about":[{"href":"https:\/\/arenarally.com.br\/arena\/wp-json\/wp\/v2\/types\/post"}],"author":[{"embeddable":true,"href":"https:\/\/arenarally.com.br\/arena\/wp-json\/wp\/v2\/users\/2"}],"replies":[{"embeddable":true,"href":"https:\/\/arenarally.com.br\/arena\/wp-json\/wp\/v2\/comments?post=749"}],"version-history":[{"count":1,"href":"https:\/\/arenarally.com.br\/arena\/wp-json\/wp\/v2\/posts\/749\/revisions"}],"predecessor-version":[{"id":750,"href":"https:\/\/arenarally.com.br\/arena\/wp-json\/wp\/v2\/posts\/749\/revisions\/750"}],"wp:attachment":[{"href":"https:\/\/arenarally.com.br\/arena\/wp-json\/wp\/v2\/media?parent=749"}],"wp:term":[{"taxonomy":"category","embeddable":true,"href":"https:\/\/arenarally.com.br\/arena\/wp-json\/wp\/v2\/categories?post=749"},{"taxonomy":"post_tag","embeddable":true,"href":"https:\/\/arenarally.com.br\/arena\/wp-json\/wp\/v2\/tags?post=749"}],"curies":[{"name":"wp","href":"https:\/\/api.w.org\/{rel}","templated":true}]}}