{"id":888,"date":"2025-06-11T21:40:14","date_gmt":"2025-06-12T00:40:14","guid":{"rendered":"https:\/\/arenarally.com.br\/arena\/?p=888"},"modified":"2025-06-11T21:40:16","modified_gmt":"2025-06-12T00:40:16","slug":"rally-jalapao-2025-tera-inicio-no-proximo-sabado-em-palmas-to","status":"publish","type":"post","link":"https:\/\/arenarally.com.br\/arena\/rally-jalapao-2025-tera-inicio-no-proximo-sabado-em-palmas-to\/","title":{"rendered":"Rally Jalap\u00e3o 2025 ter\u00e1 in\u00edcio no pr\u00f3ximo s\u00e1bado em Palmas (TO)"},"content":{"rendered":"\n<p class=\"has-text-align-center\"><em>Evento acontece nos dias 14 a 19 de junho, com largada e chegada em Palmas e ter\u00e1 passagem por Ponte Alta, Mateiros e S\u00e3o F\u00e9lix no Tocantins. A abertura oficial do evento ser\u00e1 no domingo, 15, no Capim Dourado Shopping, a partir das 18 horas<\/em><\/p>\n\n\n\n<p><strong>Palmas (TO) \u2013<\/strong>&nbsp;A 11\u00aa edi\u00e7\u00e3o doRally Jalap\u00e3o ter\u00e1 cinco&nbsp;dias de disputas, mas a maior novidade deste ano ser\u00e1 o roteiro. O percurso contemplar\u00e1 aproximadamente 1.200 quil\u00f4metros, destes, aproximadamente 800 quil\u00f4metros de trechos cronometrados -, em quatro dias de provas, contemplando percursos in\u00e9ditos e 90% em trechos de areia, entre os dias 14 a 19 de junho.<\/p>\n\n\n\n<p>O evento atrai as principais equipes do pa\u00eds das categorias carros, motos e UTVs, que prometem acelerar fundo, em busca de pontos v\u00e1lidos do Campeonato Brasileiro de Rally Raid (CBM e CBA) \u2013 3\u00aa prova do calend\u00e1rio. Os 64 ve\u00edculos inscritos, sendo 112 pilotos e navegadores, at\u00e9 o momento para a edi\u00e7\u00e3o 2025, enfrentar\u00e3o uma prova dura, com muita pi\u00e7arra, trilhas, estradinhas de fazendas, muita areia e trechos de alta velocidade.<\/p>\n\n\n\n<figure class=\"wp-block-image size-large\"><img loading=\"lazy\" decoding=\"async\" width=\"1024\" height=\"683\" src=\"http:\/\/arenarally.com.br\/arena\/wp-content\/uploads\/2025\/06\/Marcos-Baumgarte-Kleber-Cincea_-XRally-1024x683.jpg\" alt=\"\" class=\"wp-image-889\" srcset=\"https:\/\/arenarally.com.br\/arena\/wp-content\/uploads\/2025\/06\/Marcos-Baumgarte-Kleber-Cincea_-XRally-1024x683.jpg 1024w, https:\/\/arenarally.com.br\/arena\/wp-content\/uploads\/2025\/06\/Marcos-Baumgarte-Kleber-Cincea_-XRally-300x200.jpg 300w, https:\/\/arenarally.com.br\/arena\/wp-content\/uploads\/2025\/06\/Marcos-Baumgarte-Kleber-Cincea_-XRally-768x512.jpg 768w, https:\/\/arenarally.com.br\/arena\/wp-content\/uploads\/2025\/06\/Marcos-Baumgarte-Kleber-Cincea_-XRally-1536x1025.jpg 1536w, https:\/\/arenarally.com.br\/arena\/wp-content\/uploads\/2025\/06\/Marcos-Baumgarte-Kleber-Cincea_-XRally-2048x1366.jpg 2048w\" sizes=\"auto, (max-width: 1024px) 100vw, 1024px\" \/><\/figure>\n\n\n\n<p>Entre as atividades oficiais est\u00e3o os atrativos paralelos para o p\u00fablico presente como o pr\u00f3logo, a largada promocional com a realiza\u00e7\u00e3o da abertura oficial do evento e apresenta\u00e7\u00e3o do elenco da prova. Al\u00e9m da cerim\u00f4nia de premia\u00e7\u00e3o no Capim Dourado Shopping.<\/p>\n\n\n\n<figure class=\"wp-block-image size-large\"><img loading=\"lazy\" decoding=\"async\" width=\"1024\" height=\"683\" src=\"http:\/\/arenarally.com.br\/arena\/wp-content\/uploads\/2025\/06\/424246_1064700_01_01_marcosleite_dfotos_jp23_8586-1024x683.jpg\" alt=\"\" class=\"wp-image-890\" srcset=\"https:\/\/arenarally.com.br\/arena\/wp-content\/uploads\/2025\/06\/424246_1064700_01_01_marcosleite_dfotos_jp23_8586-1024x683.jpg 1024w, https:\/\/arenarally.com.br\/arena\/wp-content\/uploads\/2025\/06\/424246_1064700_01_01_marcosleite_dfotos_jp23_8586-300x200.jpg 300w, https:\/\/arenarally.com.br\/arena\/wp-content\/uploads\/2025\/06\/424246_1064700_01_01_marcosleite_dfotos_jp23_8586-768x512.jpg 768w, https:\/\/arenarally.com.br\/arena\/wp-content\/uploads\/2025\/06\/424246_1064700_01_01_marcosleite_dfotos_jp23_8586-1536x1024.jpg 1536w, https:\/\/arenarally.com.br\/arena\/wp-content\/uploads\/2025\/06\/424246_1064700_01_01_marcosleite_dfotos_jp23_8586-2048x1365.jpg 2048w\" sizes=\"auto, (max-width: 1024px) 100vw, 1024px\" \/><\/figure>\n\n\n\n<p>A partir do s\u00e1bado, dia 14 de junho, o Centro de Conven\u00e7\u00f5es, localizado Parque do Povo &#8211; \u00c1rea Verde 406 Sul, Av. NS 10, s\/n &#8211; Plano Diretor Sul, em Palmas (TO), abrir\u00e1 as portas para que as equipes montem seus boxes no parque de apoio e no mesmo local acontecer\u00e1 toda a programa\u00e7\u00e3o oficial pr\u00e9via a largada como secretaria de prova e vistorias e shakedown &#8211; treino para que as equipes possam finalizar o preparo dos ve\u00edculos e equipamentos de competi\u00e7\u00e3o.<\/p>\n\n\n\n<p>No domingo, 15, o Capim Dourado Shopping receber\u00e1 o Rally Jalap\u00e3o. O pr\u00f3logo em linha com 16,32 quil\u00f4metros est\u00e1 marcado para as 10 horas e na sequ\u00eancia os carros ir\u00e3o para o parque fechado localizado no estacionamento, \u00e1s 14 horas. O briefing geral para os quatro dias de provas come\u00e7am a partir das 16 horas e a largada promocional ocorre \u00e0s 16 horas com a presen\u00e7a do p\u00fablico, imprensa e autoridades locais.<\/p>\n\n\n\n<figure class=\"wp-block-image size-large\"><img loading=\"lazy\" decoding=\"async\" width=\"1024\" height=\"639\" src=\"http:\/\/arenarally.com.br\/arena\/wp-content\/uploads\/2025\/06\/424246_1064709_whatsapp_image_2023_06_22_at_18.31.47-1024x639.jpeg\" alt=\"\" class=\"wp-image-891\" srcset=\"https:\/\/arenarally.com.br\/arena\/wp-content\/uploads\/2025\/06\/424246_1064709_whatsapp_image_2023_06_22_at_18.31.47-1024x639.jpeg 1024w, https:\/\/arenarally.com.br\/arena\/wp-content\/uploads\/2025\/06\/424246_1064709_whatsapp_image_2023_06_22_at_18.31.47-300x187.jpeg 300w, https:\/\/arenarally.com.br\/arena\/wp-content\/uploads\/2025\/06\/424246_1064709_whatsapp_image_2023_06_22_at_18.31.47-768x480.jpeg 768w, https:\/\/arenarally.com.br\/arena\/wp-content\/uploads\/2025\/06\/424246_1064709_whatsapp_image_2023_06_22_at_18.31.47-1536x959.jpeg 1536w, https:\/\/arenarally.com.br\/arena\/wp-content\/uploads\/2025\/06\/424246_1064709_whatsapp_image_2023_06_22_at_18.31.47.jpeg 1600w\" sizes=\"auto, (max-width: 1024px) 100vw, 1024px\" \/><\/figure>\n\n\n\n<p>Na segunda-feira, 16, haver\u00e1 a largada da primeira de quatro etapas da edi\u00e7\u00e3o 2025, com destino a cidade de Mateiros\/TO. Na ter\u00e7a-feira, 17, a prova segue para segunda etapa e ter\u00e1 chegada em S\u00e3o F\u00e9lix do Tocantins. Na quarta-feira, 18, a prova faz uma etapa em formato de la\u00e7os e a caravana permanece em acampamento em S\u00e3o F\u00e9lix\/TO. J\u00e1 na quinta-feira, 19, a quarta etapa partir\u00e1 de S\u00e3o F\u00e9lix para a etapa final e chegada em Palmas\/TO.&nbsp; O encerramento do evento com a premia\u00e7\u00e3o que contemplar\u00e1 os competidores com trof\u00e9us para os cinco primeiros colocados no Capim Dourado Shopping a partir das 17 horas.<\/p>\n\n\n\n<p>O 11\u00ba Rally Jalap\u00e3o \u00e9 uma realiza\u00e7\u00e3o de Arena Promo\u00e7\u00f5es e Eventos, tem patroc\u00ednio do Motiva Aeroportos e FF Motorsport, apoio do C6 Bank, Capim Dourado Shopping, Governo do Tocantins, Prefeitura Municipal de Palmas, Prefeitura Municipal de S\u00e3o F\u00e9lix do Tocantins, Prefeitura Municipal de Mateiros, Prefeitura Municipal de Ponte Alta, Resgate das Dunas, KTM Tocantins,&nbsp; SiG Comunica\u00e7\u00e3o, PhotoAction,&nbsp; Imperial Filmes, DFotos, Rally BR, Anube e Sanderson Pereira V\u00eddeos. A supervis\u00e3o \u00e9 da CBM &#8211; Confedera\u00e7\u00e3o Brasileira de Motociclismo e CBA \u2013 Confedera\u00e7\u00e3o Brasileira de Automobilismo.<\/p>\n\n\n\n<p>Para mais informa\u00e7\u00f5es acesse o site www.arenarally.com.br. Acompanhe a etapa nas redes sociais pelo Instagram @arenarally e @rallyjalapao. A cronometragem ficar\u00e1 a cargo da Chronosat (<a href=\"http:\/\/www.chronosat.com.br\/\">http:\/\/www.chronosat.com.br<\/a>).<\/p>\n\n\n\n<p>Confira o link de inscritos:&nbsp;<a href=\"https:\/\/arenarally.com.br\/jalapao2025\/inscritos.php\">https:\/\/arenarally.com.br\/jalapao2025\/inscritos.php<\/a><\/p>\n\n\n\n<p><strong>PROGRAMA\u00c7\u00c3O RALLY JALAP\u00c3O&nbsp;2025:<\/strong><\/p>\n\n\n\n<p><strong>13\/06 \u2013 Sexta-feira<\/strong><\/p>\n\n\n\n<p>10h00 &#8211; Abertura da \u00e1rea box<\/p>\n\n\n\n<p>Local &#8211; Centro de Conven\u00e7\u00f5es Arnaud Rodrigues \u2013 Palmas\/TO \u2013 Av. NS s\/n<\/p>\n\n\n\n<p><\/p>\n\n\n\n<p><strong>14\/06 \u2013 S\u00e1bado<\/strong><\/p>\n\n\n\n<p>09h00 \u00e0s 12h00 e 14h00 \u00e0s 18h00 &#8211; Secretaria de Prova, entrega do equipamento Stella.<\/p>\n\n\n\n<p>Local &#8211; Centro de Conven\u00e7\u00f5es.<\/p>\n\n\n\n<p>14h00 \u00e0s 18h00 \u2013 Vistorias CBM, CBA e STELLA<\/p>\n\n\n\n<p>18h00 \u2013 Briefing equipes de apoio<\/p>\n\n\n\n<p>Local: Parque de apoio<\/p>\n\n\n\n<p>Shakedown&nbsp;\u2013 Livre (ser\u00e1 informado o local)<\/p>\n\n\n\n<p><\/p>\n\n\n\n<p><strong>15\/06 \u2013 Domingo<\/strong><\/p>\n\n\n\n<p>08h00 \u00e0s 09h00 \u2013 Vistorias com multa<\/p>\n\n\n\n<p>10h00 \u2013&nbsp;Pr\u00f3logo<\/p>\n\n\n\n<p>Di- 10,50 km<\/p>\n\n\n\n<p>Ss- 16,32 km<\/p>\n\n\n\n<p>Df- 29,27 km<\/p>\n\n\n\n<p>14h00 \u00e0s 15h00 &#8211; Parque Fechado<\/p>\n\n\n\n<p>Local &#8211; Capim Dourado&nbsp;Shopping<\/p>\n\n\n\n<p>16h00 \u2013 Briefing Geral<\/p>\n\n\n\n<p>Local &#8211; Capim Dourado&nbsp;Shopping<\/p>\n\n\n\n<p>18h00 \u2013&nbsp;Largada promocional<\/p>\n\n\n\n<p>Local \u2013 Capim Dourado&nbsp;Shopping<\/p>\n\n\n\n<p><\/p>\n\n\n\n<p><strong>16\/06 \u2013 Segunda-feira \u2013 ETAPA 1<\/strong><\/p>\n\n\n\n<p>Palmas (TO) \/ Mateiros (TO)<\/p>\n\n\n\n<p>Di &#8211; 39,41 km<\/p>\n\n\n\n<p>Ss- 239,49 km<\/p>\n\n\n\n<p>Df &#8211; 101,87 km<\/p>\n\n\n\n<p>Abastecimento &#8211; Km 191,09 da planilha \/ Km 151,68 da especial.<\/p>\n\n\n\n<p>20h00 &#8211; Briefing<\/p>\n\n\n\n<p><\/p>\n\n\n\n<p><strong>17\/06 \u2013 Ter\u00e7a-feira \u2013 ETAPA 2<\/strong><\/p>\n\n\n\n<p>Mateiros (TO) \/ S\u00e3o Felix do Tocantins (TO)<\/p>\n\n\n\n<p>Di- 31,57 km<\/p>\n\n\n\n<p>Ss &#8211; 190,42 km<\/p>\n\n\n\n<p>Df- 18,59 km<\/p>\n\n\n\n<p>20h00 &#8211; Briefing<\/p>\n\n\n\n<p><\/p>\n\n\n\n<p><strong>18\/06 \u2013 Quarta-feira \u2013 ETAPA 3<\/strong><\/p>\n\n\n\n<p>S\u00e3o Felix do Tocantins (TO) \/ S\u00e3o Felix do Tocantins (TO)<\/p>\n\n\n\n<p>Di- 8,22 km<\/p>\n\n\n\n<p>Ss- 161,39 km<\/p>\n\n\n\n<p>Df &#8211; 22,18 km<\/p>\n\n\n\n<p>20h00 &#8211; Briefing<\/p>\n\n\n\n<p><\/p>\n\n\n\n<p><strong>19\/06 \u2013 Quinta-feira \u2013 ETAPA 4<\/strong><\/p>\n\n\n\n<p>S\u00e3o Felix do Tocantins (TO) \/ Palmas (TO)<\/p>\n\n\n\n<p>Di -20,49 km<\/p>\n\n\n\n<p>Ss- 141,04 km<\/p>\n\n\n\n<p>Df &#8211; 202,73 km<\/p>\n\n\n\n<p>Chegada e Parque fechado<\/p>\n\n\n\n<p>A partir das 17h00 \u2013 Premia\u00e7\u00e3o<\/p>\n\n\n\n<p>Local &#8211;&nbsp; Capim Dourado Shopping<\/p>\n\n\n\n<p><strong>Total de prova:&nbsp;<\/strong>1233,49 km |&nbsp;<strong>Total de especial:&nbsp;<\/strong>810,55 km.<\/p>\n\n\n\n<p><\/p>\n\n\n\n<p><strong>CAMPEONATO BRASILEIRO DE RALLY RAID<\/strong><\/p>\n\n\n\n<p>14 a 16\/03 \u2013 Rally de Barretos (3 etapas)<\/p>\n\n\n\n<p>07 a 13\/04 \u2013 RN1500 (4 etapas)<\/p>\n\n\n\n<p>13 a 18\/05 \u2013 Rally Minas Brasil (4 etapas)<\/p>\n\n\n\n<p>14 a 19\/06 \u2013 Rally Jalap\u00e3o (4 etapas)<\/p>\n\n\n\n<p>26\/07 a 03\/08 \u2013 Sert\u00f5es (6 etapas v\u00e1lidas)<\/p>\n\n\n\n<p>23\/09 a 27\/09 \u2013 Rally Tocantins (3 etapas)<\/p>\n\n\n\n<p><\/p>\n\n\n\n<p><strong>Consultoria e Assessoria de Comunica\u00e7\u00e3o:<\/strong><\/p>\n\n\n\n<p>SIG Comunica\u00e7\u00e3o | sig@sigcomunicacao.com.br<\/p>\n\n\n\n<p>Silvana Grezzana Santos | (11) 999.726.966<\/p>\n\n\n\n<p><a href=\"http:\/\/www.sigcomunicacao.com.br\/\">www.sigcomunicacao.com.br<\/a><\/p>\n","protected":false},"excerpt":{"rendered":"<p>Evento acontece nos dias 14 a 19 de junho, com largada e chegada em Palmas e ter\u00e1 passagem por Ponte Alta, Mateiros e S\u00e3o F\u00e9lix no Tocantins. A abertura oficial do evento ser\u00e1 no domingo, 15, no Capim Dourado Shopping, a partir das 18 horas Palmas (TO) \u2013&nbsp;A 11\u00aa edi\u00e7\u00e3o doRally Jalap\u00e3o ter\u00e1 cinco&nbsp;dias de [&hellip;]<\/p>\n","protected":false},"author":2,"featured_media":662,"comment_status":"closed","ping_status":"closed","sticky":false,"template":"","format":"standard","meta":{"footnotes":""},"categories":[1],"tags":[],"class_list":["post-888","post","type-post","status-publish","format-standard","has-post-thumbnail","hentry","category-sem-categoria"],"_links":{"self":[{"href":"https:\/\/arenarally.com.br\/arena\/wp-json\/wp\/v2\/posts\/888","targetHints":{"allow":["GET"]}}],"collection":[{"href":"https:\/\/arenarally.com.br\/arena\/wp-json\/wp\/v2\/posts"}],"about":[{"href":"https:\/\/arenarally.com.br\/arena\/wp-json\/wp\/v2\/types\/post"}],"author":[{"embeddable":true,"href":"https:\/\/arenarally.com.br\/arena\/wp-json\/wp\/v2\/users\/2"}],"replies":[{"embeddable":true,"href":"https:\/\/arenarally.com.br\/arena\/wp-json\/wp\/v2\/comments?post=888"}],"version-history":[{"count":1,"href":"https:\/\/arenarally.com.br\/arena\/wp-json\/wp\/v2\/posts\/888\/revisions"}],"predecessor-version":[{"id":892,"href":"https:\/\/arenarally.com.br\/arena\/wp-json\/wp\/v2\/posts\/888\/revisions\/892"}],"wp:featuredmedia":[{"embeddable":true,"href":"https:\/\/arenarally.com.br\/arena\/wp-json\/wp\/v2\/media\/662"}],"wp:attachment":[{"href":"https:\/\/arenarally.com.br\/arena\/wp-json\/wp\/v2\/media?parent=888"}],"wp:term":[{"taxonomy":"category","embeddable":true,"href":"https:\/\/arenarally.com.br\/arena\/wp-json\/wp\/v2\/categories?post=888"},{"taxonomy":"post_tag","embeddable":true,"href":"https:\/\/arenarally.com.br\/arena\/wp-json\/wp\/v2\/tags?post=888"}],"curies":[{"name":"wp","href":"https:\/\/api.w.org\/{rel}","templated":true}]}}