{"id":893,"date":"2025-06-11T21:42:38","date_gmt":"2025-06-12T00:42:38","guid":{"rendered":"https:\/\/arenarally.com.br\/arena\/?p=893"},"modified":"2025-06-11T21:42:40","modified_gmt":"2025-06-12T00:42:40","slug":"rally-jalapao-2025-em-numeros","status":"publish","type":"post","link":"https:\/\/arenarally.com.br\/arena\/rally-jalapao-2025-em-numeros\/","title":{"rendered":"Rally Jalap\u00e3o 2025 em n\u00fameros"},"content":{"rendered":"\n<p class=\"has-text-align-center\"><em>Disputa off-road re\u00fane 115 competidores de 15 estados, em prova com mais de 1.200 quil\u00f4metros por uma das paisagens mais deslumbrantes do Brasil<\/em><\/p>\n\n\n\n<p><strong>Palmas (TO) &#8211;<\/strong>&nbsp;Com largada marcada para o dia 15 de junho, em Palmas (TO), o Rally Jalap\u00e3o chega \u00e0 sua 11\u00aa edi\u00e7\u00e3o reunindo alguns dos nomes mais importantes do off-road nacional e refor\u00e7ando o peso da competi\u00e7\u00e3o no calend\u00e1rio brasileiro. Ser\u00e3o 115 participantes entre pilotos e navegadores, divididos em 65 ve\u00edculos nas categorias Carros, Motos e UTVs.<\/p>\n\n\n\n<figure class=\"wp-block-image size-large\"><img loading=\"lazy\" decoding=\"async\" width=\"1024\" height=\"682\" src=\"http:\/\/arenarally.com.br\/arena\/wp-content\/uploads\/2025\/06\/WhatsApp-Image-2023-06-22-at-00.34.12-1024x682.jpeg\" alt=\"\" class=\"wp-image-896\" srcset=\"https:\/\/arenarally.com.br\/arena\/wp-content\/uploads\/2025\/06\/WhatsApp-Image-2023-06-22-at-00.34.12-1024x682.jpeg 1024w, https:\/\/arenarally.com.br\/arena\/wp-content\/uploads\/2025\/06\/WhatsApp-Image-2023-06-22-at-00.34.12-300x200.jpeg 300w, https:\/\/arenarally.com.br\/arena\/wp-content\/uploads\/2025\/06\/WhatsApp-Image-2023-06-22-at-00.34.12-768x512.jpeg 768w, https:\/\/arenarally.com.br\/arena\/wp-content\/uploads\/2025\/06\/WhatsApp-Image-2023-06-22-at-00.34.12-1536x1023.jpeg 1536w, https:\/\/arenarally.com.br\/arena\/wp-content\/uploads\/2025\/06\/WhatsApp-Image-2023-06-22-at-00.34.12.jpeg 1600w\" sizes=\"auto, (max-width: 1024px) 100vw, 1024px\" \/><\/figure>\n\n\n\n<p>Os competidores v\u00eam de 43 cidades, espalhadas por 15 estados. Essa presen\u00e7a nacional n\u00e3o s\u00f3 amplia a visibilidade do evento, como tamb\u00e9m gera impacto direto nas regi\u00f5es por onde a prova passa. A movimenta\u00e7\u00e3o de equipes, familiares e do staff da prova ajuda a aquecer o com\u00e9rcio local, fortalece o turismo e contribui para promover os atrativos naturais e culturais do Tocantins. Durante a semana do rally, munic\u00edpios como Palmas, Mateiros, Ponte Alta e S\u00e3o F\u00e9lix do Tocantins ganham um novo ritmo, impulsionado pelo vaiv\u00e9m das equipes e pela curiosidade de quem chega pela primeira vez ao Jalap\u00e3o.<\/p>\n\n\n\n<p>A estrutura da prova come\u00e7a a funcionar na sexta-feira, 13 de junho, com a montagem dos boxes das equipes que chegam a Palmas no Centro de Conven\u00e7\u00f5es Arnaud Rodrigues. No s\u00e1bado, 14 de junho, acontecem \u00e0s vistorias t\u00e9cnicas e administrativas, al\u00e9m dos \u00faltimos ajustes nos ve\u00edculos e um shakedown livre para aferi\u00e7\u00e3o dos equipamentos.<\/p>\n\n\n\n<figure class=\"wp-block-image size-large\"><img loading=\"lazy\" decoding=\"async\" width=\"1024\" height=\"731\" src=\"http:\/\/arenarally.com.br\/arena\/wp-content\/uploads\/2025\/06\/WhatsApp-Image-2023-06-21-at-13.16.36-1024x731.jpeg\" alt=\"\" class=\"wp-image-894\" srcset=\"https:\/\/arenarally.com.br\/arena\/wp-content\/uploads\/2025\/06\/WhatsApp-Image-2023-06-21-at-13.16.36-1024x731.jpeg 1024w, https:\/\/arenarally.com.br\/arena\/wp-content\/uploads\/2025\/06\/WhatsApp-Image-2023-06-21-at-13.16.36-300x214.jpeg 300w, https:\/\/arenarally.com.br\/arena\/wp-content\/uploads\/2025\/06\/WhatsApp-Image-2023-06-21-at-13.16.36-768x548.jpeg 768w, https:\/\/arenarally.com.br\/arena\/wp-content\/uploads\/2025\/06\/WhatsApp-Image-2023-06-21-at-13.16.36.jpeg 1280w\" sizes=\"auto, (max-width: 1024px) 100vw, 1024px\" \/><\/figure>\n\n\n\n<p>No domingo, dia 15, acontece o pr\u00f3logo \u00e0s 16 horas, o qual definir\u00e1 a ordem de largada. O briefing geral \u00e0s 16 horas, assim como a abertura oficial e largada promocional no Capim Dourado Shopping a partir das 18 horas. As etapas cronometradas ser\u00e3o disputadas entre segunda e quinta-feira (16 a 19), em trajetos que ligam as cidades-anfitri\u00e3s do evento.<\/p>\n\n\n\n<figure class=\"wp-block-image size-large\"><img loading=\"lazy\" decoding=\"async\" width=\"1024\" height=\"664\" src=\"http:\/\/arenarally.com.br\/arena\/wp-content\/uploads\/2024\/06\/PhotoAction-dia-4-41-1024x664.jpeg\" alt=\"\" class=\"wp-image-697\" srcset=\"https:\/\/arenarally.com.br\/arena\/wp-content\/uploads\/2024\/06\/PhotoAction-dia-4-41-1024x664.jpeg 1024w, https:\/\/arenarally.com.br\/arena\/wp-content\/uploads\/2024\/06\/PhotoAction-dia-4-41-300x195.jpeg 300w, https:\/\/arenarally.com.br\/arena\/wp-content\/uploads\/2024\/06\/PhotoAction-dia-4-41-768x498.jpeg 768w, https:\/\/arenarally.com.br\/arena\/wp-content\/uploads\/2024\/06\/PhotoAction-dia-4-41-1536x996.jpeg 1536w, https:\/\/arenarally.com.br\/arena\/wp-content\/uploads\/2024\/06\/PhotoAction-dia-4-41.jpeg 1600w\" sizes=\"auto, (max-width: 1024px) 100vw, 1024px\" \/><\/figure>\n\n\n\n<p>No total, o roteiro soma 1.233,49 quil\u00f4metros, sendo 810,55 km de trechos cronometrados. O percurso exige habilidade na pilotagem e aten\u00e7\u00e3o redobrada na navega\u00e7\u00e3o, com trechos de arei\u00e3o, serra, retas longas e trilhas t\u00e9cnicas, caracter\u00edsticas que fazem do Jalap\u00e3o um dos destinos mais emblem\u00e1ticos do rally brasileiro.<\/p>\n\n\n\n<p>O 11\u00ba Rally Jalap\u00e3o \u00e9 uma realiza\u00e7\u00e3o da Arena Promo\u00e7\u00f5es e Eventos. Conta com patroc\u00ednio do Motiva Aeroportos e FF Motorsport, apoio do C6 Bank, Capim Dourado Shopping, Governo do Tocantins, Prefeitura Municipal de Palmas, Prefeitura Municipal de S\u00e3o F\u00e9lix do Tocantins, Prefeitura Municipal de Mateiros, Prefeitura Municipal de Ponte Alta, Resgate das Dunas, KTM Tocantins, SiG Comunica\u00e7\u00e3o, PhotoAction, Imperial Filmes, DFotos, Rally BR, Anube e Sanderson Pereira V\u00eddeos. A supervis\u00e3o \u00e9 da CBM \u2013 Confedera\u00e7\u00e3o Brasileira de Motociclismo \u2013 e da CBA \u2013 Confedera\u00e7\u00e3o Brasileira de Automobilismo.<\/p>\n\n\n\n<p>Para mais informa\u00e7\u00f5es acesse o site www.arenarally.com.br. Acompanhe a etapa nas redes sociais pelo Instagram @arenarally e @rallyjalapao. A cronometragem ficar\u00e1 a cargo da Chronosat (http:\/\/www.chronosat.com.br).<\/p>\n\n\n\n<p><strong>DIST\u00c2NCIAS POR DIA DE PROVA<\/strong><\/p>\n\n\n\n<p><strong>Pr\u00f3logo \u2013 15\/06 (Palmas):<\/strong><\/p>\n\n\n\n<p>29,27 km totais | 16,32 km cronometrados<\/p>\n\n\n\n<p><strong>Etapa 1 \u2013 16\/06 (Palmas \/ Mateiros):<\/strong><\/p>\n\n\n\n<p>380,77 km totais | 239,49 km cronometrados<\/p>\n\n\n\n<p><strong>Etapa 2 \u2013 17\/06 (Mateiros \/ S\u00e3o F\u00e9lix):<\/strong><\/p>\n\n\n\n<p>240,58 km totais | 190,42 km cronometrados<\/p>\n\n\n\n<p><strong>Etapa 3 \u2013 18\/06 (S\u00e3o F\u00e9lix \/ S\u00e3o F\u00e9lix):<\/strong><\/p>\n\n\n\n<p>191,79 km totais | 161,39 km cronometrados<\/p>\n\n\n\n<p><strong>Etapa 4 \u2013 19\/06 (S\u00e3o F\u00e9lix \/ Palmas):<\/strong><\/p>\n\n\n\n<p>364,26 km totais | 141,04 km cronometrados<\/p>\n\n\n\n<p><strong>PROGRAMA\u00c7\u00c3O RALLY JALAP\u00c3O 2025:<\/strong><\/p>\n\n\n\n<p><strong>13\/06 \u2013 Sexta-feira<\/strong><\/p>\n\n\n\n<p>10h00 &#8211; Abertura da \u00e1rea box<\/p>\n\n\n\n<p>Local &#8211; Centro de Conven\u00e7\u00f5es Arnaud Rodrigues \u2013 Palmas (TO) \u2013 Av. NS s\/n<\/p>\n\n\n\n<p><\/p>\n\n\n\n<p><strong>14\/06 \u2013 S\u00e1bado<\/strong><\/p>\n\n\n\n<p>9h00 \u00e0s 12h00 e 14h00 \u00e0s 18h00 &#8211; Secretaria de Prova, entrega do equipamento Stella.<\/p>\n\n\n\n<p>Local &#8211; Centro de Conven\u00e7\u00f5es.<\/p>\n\n\n\n<p>14h00 \u00e0s 18h00 \u2013 Vistorias CBM, CBA e STELLA<\/p>\n\n\n\n<p>18h00 \u2013 Briefing equipes de apoio<\/p>\n\n\n\n<p>Local: Parque de apoio<\/p>\n\n\n\n<p>Shakedown \u2013 Livre (ser\u00e1 informado o local)<\/p>\n\n\n\n<p><\/p>\n\n\n\n<p><strong>15\/06 \u2013 Domingo<\/strong><\/p>\n\n\n\n<p>10h00 \u2013 Pr\u00f3logo sa\u00edda do Centro de Conven\u00e7\u00f5es.<\/p>\n\n\n\n<p>14h00 \u00e0s 15h00 &#8211; Parque Fechado<\/p>\n\n\n\n<p>Local &#8211; Capim Dourado Shopping<\/p>\n\n\n\n<p>16h00 \u2013 Briefing Geral<\/p>\n\n\n\n<p>Local &#8211; Capim Dourado Shopping<\/p>\n\n\n\n<p>18h00 \u2013 Largada promocional<\/p>\n\n\n\n<p>Local \u2013 Capim Dourado Shopping<\/p>\n\n\n\n<p><\/p>\n\n\n\n<p><strong>16\/06 \u2013 Segunda-feira \u2013 ETAPA 1<\/strong><\/p>\n\n\n\n<p>Palmas (TO) \/ Mateiros (TO)<\/p>\n\n\n\n<p>20h00 &#8211; Briefing<\/p>\n\n\n\n<p><\/p>\n\n\n\n<p><strong>17\/06 \u2013 Ter\u00e7a-feira \u2013 ETAPA 2<\/strong><\/p>\n\n\n\n<p>Mateiros (TO) \/ S\u00e3o Felix do Tocantins (TO)<\/p>\n\n\n\n<p>20h00 &#8211; Briefing<\/p>\n\n\n\n<p><\/p>\n\n\n\n<p><strong>18\/06 \u2013 Quarta-feira \u2013 ETAPA 3<\/strong><\/p>\n\n\n\n<p>S\u00e3o Felix do Tocantins (TO) \/ S\u00e3o Felix do Tocantins (TO)<\/p>\n\n\n\n<p>20h00 &#8211; Briefing<\/p>\n\n\n\n<p><strong>19\/06 \u2013 Quinta-feira \u2013 ETAPA 4<\/strong><\/p>\n\n\n\n<p>S\u00e3o Felix do Tocantins (TO) \/ Palmas (TO)<\/p>\n\n\n\n<p>Chegada e Parque fechado<\/p>\n\n\n\n<p>A partir das 17h00 \u2013 Premia\u00e7\u00e3o<\/p>\n\n\n\n<p>Local &#8211; Capim Dourado Shopping<\/p>\n\n\n\n<p>OBS- Carretas e caminh\u00f5es est\u00e3o autorizados a permanecer no Centro de Conven\u00e7\u00f5es em Palmas.<\/p>\n\n\n\n<p><\/p>\n\n\n\n<p><strong>CAMPEONATO BRASILEIRO DE RALLY RAID<\/strong><\/p>\n\n\n\n<p>14 a 16\/03 \u2013 Rally de Barretos (3 etapas)<\/p>\n\n\n\n<p>07 a 13\/04 \u2013 RN1500 (4 etapas)<\/p>\n\n\n\n<p>13 a 18\/05 \u2013 Rally Minas Brasil (4 etapas)<\/p>\n\n\n\n<p>14 a 19\/06 \u2013 Rally Jalap\u00e3o (4 etapas)<\/p>\n\n\n\n<p>26\/07 a 03\/08 \u2013 Sert\u00f5es (6 etapas v\u00e1lidas)<\/p>\n\n\n\n<p>23\/09 a 27\/09 \u2013 Rally Tocantins (3 etapas)<\/p>\n\n\n\n<p><\/p>\n\n\n\n<p><strong>Consultoria e Assessoria de Comunica\u00e7\u00e3o:<\/strong><\/p>\n\n\n\n<p>SIG Comunica\u00e7\u00e3o | sig@sigcomunicacao.com.br<\/p>\n\n\n\n<p>Silvana Grezzana Santos | Regina Cusin| (11) 999.726.966<\/p>\n\n\n\n<p>www.sigcomunicacao.com.br<\/p>\n","protected":false},"excerpt":{"rendered":"<p>Disputa off-road re\u00fane 115 competidores de 15 estados, em prova com mais de 1.200 quil\u00f4metros por uma das paisagens mais deslumbrantes do Brasil Palmas (TO) &#8211;&nbsp;Com largada marcada para o dia 15 de junho, em Palmas (TO), o Rally Jalap\u00e3o chega \u00e0 sua 11\u00aa edi\u00e7\u00e3o reunindo alguns dos nomes mais importantes do off-road nacional e [&hellip;]<\/p>\n","protected":false},"author":2,"featured_media":895,"comment_status":"closed","ping_status":"closed","sticky":false,"template":"","format":"standard","meta":{"footnotes":""},"categories":[1],"tags":[],"class_list":["post-893","post","type-post","status-publish","format-standard","has-post-thumbnail","hentry","category-sem-categoria"],"_links":{"self":[{"href":"https:\/\/arenarally.com.br\/arena\/wp-json\/wp\/v2\/posts\/893","targetHints":{"allow":["GET"]}}],"collection":[{"href":"https:\/\/arenarally.com.br\/arena\/wp-json\/wp\/v2\/posts"}],"about":[{"href":"https:\/\/arenarally.com.br\/arena\/wp-json\/wp\/v2\/types\/post"}],"author":[{"embeddable":true,"href":"https:\/\/arenarally.com.br\/arena\/wp-json\/wp\/v2\/users\/2"}],"replies":[{"embeddable":true,"href":"https:\/\/arenarally.com.br\/arena\/wp-json\/wp\/v2\/comments?post=893"}],"version-history":[{"count":1,"href":"https:\/\/arenarally.com.br\/arena\/wp-json\/wp\/v2\/posts\/893\/revisions"}],"predecessor-version":[{"id":897,"href":"https:\/\/arenarally.com.br\/arena\/wp-json\/wp\/v2\/posts\/893\/revisions\/897"}],"wp:featuredmedia":[{"embeddable":true,"href":"https:\/\/arenarally.com.br\/arena\/wp-json\/wp\/v2\/media\/895"}],"wp:attachment":[{"href":"https:\/\/arenarally.com.br\/arena\/wp-json\/wp\/v2\/media?parent=893"}],"wp:term":[{"taxonomy":"category","embeddable":true,"href":"https:\/\/arenarally.com.br\/arena\/wp-json\/wp\/v2\/categories?post=893"},{"taxonomy":"post_tag","embeddable":true,"href":"https:\/\/arenarally.com.br\/arena\/wp-json\/wp\/v2\/tags?post=893"}],"curies":[{"name":"wp","href":"https:\/\/api.w.org\/{rel}","templated":true}]}}